{"id":2123,"date":"2021-10-15T09:24:41","date_gmt":"2021-10-15T12:24:41","guid":{"rendered":"https:\/\/colmed1.org.ar\/?p=2123"},"modified":"2021-10-15T09:24:44","modified_gmt":"2021-10-15T12:24:44","slug":"el-hospital-dr-ramon-carrillo-de-san-vicente-busca-medicos","status":"publish","type":"post","link":"https:\/\/colmed1.org.ar\/web\/index.php\/2021\/10\/15\/el-hospital-dr-ramon-carrillo-de-san-vicente-busca-medicos\/","title":{"rendered":"El Hospital \u00abDr. Ram\u00f3n Carrillo\u00bb de San Vicente busca M\u00e9dicos"},"content":{"rendered":"\n<p>El Colegio de M\u00e9dicos de la Provincia de Buenos Aires, Distrito I, informa a sus matriculados que el Hospital \u00abDr. Ram\u00f3n Carrillo\u00bb de San Vicente busca incorporar profesionales en distintas \u00e1reas: Cl\u00ednicos, Pediatras, Ginec\u00f3logos, Cardi\u00f3logos, Ecografistas, Endocrin\u00f3logos, Diabet\u00f3logos, Gastroenter\u00f3logos, Psiquiatras, Neur\u00f3logos, Neurocirujanos y Psic\u00f3logos, para cubrir guardias de 24hs y consultorios.<\/p>\n\n\n\n<p><br>Comunicarse al tel\u00e9fono 2225-483640 o por correo electr\u00f3nico a&nbsp;<a href=\"mailto:hospitalcarrillosanvicente@gmail.com\" target=\"_blank\" rel=\"noreferrer noopener\">hospitalcarrillosanvicente@gmail.com<\/a><\/p>\n","protected":false},"excerpt":{"rendered":"<p>El Colegio de M\u00e9dicos de la Provincia de Buenos Aires, Distrito I, informa a sus matriculados que el Hospital \u00abDr. Ram\u00f3n Carrillo\u00bb de San Vicente busca incorporar profesionales en distintas \u00e1reas: Cl\u00ednicos, Pediatras, Ginec\u00f3logos, Cardi\u00f3logos, Ecografistas, Endocrin\u00f3logos, Diabet\u00f3logos, Gastroenter\u00f3logos, Psiquiatras, Neur\u00f3logos, Neurocirujanos y Psic\u00f3logos, para cubrir guardias de 24hs y consultorios. Comunicarse al tel\u00e9fono 2225-483640 [&hellip;]<\/p>\n","protected":false},"author":1,"featured_media":0,"comment_status":"closed","ping_status":"closed","sticky":false,"template":"","format":"standard","meta":{"_et_pb_use_builder":"off","_et_pb_old_content":"","_et_gb_content_width":"","inline_featured_image":false,"footnotes":""},"categories":[15],"tags":[],"class_list":["post-2123","post","type-post","status-publish","format-standard","hentry","category-bolsa-de-trabajo"],"_links":{"self":[{"href":"https:\/\/colmed1.org.ar\/web\/index.php\/wp-json\/wp\/v2\/posts\/2123","targetHints":{"allow":["GET"]}}],"collection":[{"href":"https:\/\/colmed1.org.ar\/web\/index.php\/wp-json\/wp\/v2\/posts"}],"about":[{"href":"https:\/\/colmed1.org.ar\/web\/index.php\/wp-json\/wp\/v2\/types\/post"}],"author":[{"embeddable":true,"href":"https:\/\/colmed1.org.ar\/web\/index.php\/wp-json\/wp\/v2\/users\/1"}],"replies":[{"embeddable":true,"href":"https:\/\/colmed1.org.ar\/web\/index.php\/wp-json\/wp\/v2\/comments?post=2123"}],"version-history":[{"count":1,"href":"https:\/\/colmed1.org.ar\/web\/index.php\/wp-json\/wp\/v2\/posts\/2123\/revisions"}],"predecessor-version":[{"id":2124,"href":"https:\/\/colmed1.org.ar\/web\/index.php\/wp-json\/wp\/v2\/posts\/2123\/revisions\/2124"}],"wp:attachment":[{"href":"https:\/\/colmed1.org.ar\/web\/index.php\/wp-json\/wp\/v2\/media?parent=2123"}],"wp:term":[{"taxonomy":"category","embeddable":true,"href":"https:\/\/colmed1.org.ar\/web\/index.php\/wp-json\/wp\/v2\/categories?post=2123"},{"taxonomy":"post_tag","embeddable":true,"href":"https:\/\/colmed1.org.ar\/web\/index.php\/wp-json\/wp\/v2\/tags?post=2123"}],"curies":[{"name":"wp","href":"https:\/\/api.w.org\/{rel}","templated":true}]}}