{"id":2184,"date":"2021-11-17T10:26:46","date_gmt":"2021-11-17T13:26:46","guid":{"rendered":"https:\/\/colmed1.org.ar\/?p=2184"},"modified":"2021-11-17T10:26:50","modified_gmt":"2021-11-17T13:26:50","slug":"el-colegio-de-farmaceuticos-de-la-ciudad-de-la-plata-busca-medicos","status":"publish","type":"post","link":"https:\/\/colmed1.org.ar\/web\/index.php\/2021\/11\/17\/el-colegio-de-farmaceuticos-de-la-ciudad-de-la-plata-busca-medicos\/","title":{"rendered":"El Colegio de Farmac\u00e9uticos de la Ciudad de La Plata busca M\u00e9dicos"},"content":{"rendered":"\n<p>El Colegio de M\u00e9dicos de la Provincia de Buenos Aires, Distrito I, informa a sus matriculados que el Colegio de Farmac\u00e9uticos de la Ciudad de La Plata busca personal m\u00e9dico para el Club de Campo que se encuentra en Villa Elisa.&nbsp;<\/p>\n\n\n\n<p>Meses de enero y febrero exclusivamente. Posibilidad de distribuir los d\u00edas y horarios entre dos profesionales.&nbsp;<\/p>\n\n\n\n<p>Horarios: lunes a viernes de 14 a 19 hs<\/p>\n\n\n\n<p>S\u00e1bados y domingos de 12 a 20 hs&nbsp;<\/p>\n\n\n\n<p>Interesados comunicarse con Laura Pav\u00f3n al 2216271704 o al mail&nbsp;<a href=\"mailto:malaupavon@hotmail.com\" target=\"_blank\" rel=\"noreferrer noopener\">malaupavon@hotmail.com<\/a><\/p>\n","protected":false},"excerpt":{"rendered":"<p>El Colegio de M\u00e9dicos de la Provincia de Buenos Aires, Distrito I, informa a sus matriculados que el Colegio de Farmac\u00e9uticos de la Ciudad de La Plata busca personal m\u00e9dico para el Club de Campo que se encuentra en Villa Elisa.&nbsp; Meses de enero y febrero exclusivamente. Posibilidad de distribuir los d\u00edas y horarios entre [&hellip;]<\/p>\n","protected":false},"author":1,"featured_media":0,"comment_status":"closed","ping_status":"closed","sticky":false,"template":"","format":"standard","meta":{"_et_pb_use_builder":"off","_et_pb_old_content":"","_et_gb_content_width":"","inline_featured_image":false,"footnotes":""},"categories":[15],"tags":[],"class_list":["post-2184","post","type-post","status-publish","format-standard","hentry","category-bolsa-de-trabajo"],"_links":{"self":[{"href":"https:\/\/colmed1.org.ar\/web\/index.php\/wp-json\/wp\/v2\/posts\/2184","targetHints":{"allow":["GET"]}}],"collection":[{"href":"https:\/\/colmed1.org.ar\/web\/index.php\/wp-json\/wp\/v2\/posts"}],"about":[{"href":"https:\/\/colmed1.org.ar\/web\/index.php\/wp-json\/wp\/v2\/types\/post"}],"author":[{"embeddable":true,"href":"https:\/\/colmed1.org.ar\/web\/index.php\/wp-json\/wp\/v2\/users\/1"}],"replies":[{"embeddable":true,"href":"https:\/\/colmed1.org.ar\/web\/index.php\/wp-json\/wp\/v2\/comments?post=2184"}],"version-history":[{"count":1,"href":"https:\/\/colmed1.org.ar\/web\/index.php\/wp-json\/wp\/v2\/posts\/2184\/revisions"}],"predecessor-version":[{"id":2185,"href":"https:\/\/colmed1.org.ar\/web\/index.php\/wp-json\/wp\/v2\/posts\/2184\/revisions\/2185"}],"wp:attachment":[{"href":"https:\/\/colmed1.org.ar\/web\/index.php\/wp-json\/wp\/v2\/media?parent=2184"}],"wp:term":[{"taxonomy":"category","embeddable":true,"href":"https:\/\/colmed1.org.ar\/web\/index.php\/wp-json\/wp\/v2\/categories?post=2184"},{"taxonomy":"post_tag","embeddable":true,"href":"https:\/\/colmed1.org.ar\/web\/index.php\/wp-json\/wp\/v2\/tags?post=2184"}],"curies":[{"name":"wp","href":"https:\/\/api.w.org\/{rel}","templated":true}]}}