{"id":2188,"date":"2021-11-17T10:42:13","date_gmt":"2021-11-17T13:42:13","guid":{"rendered":"https:\/\/colmed1.org.ar\/?p=2188"},"modified":"2021-11-17T10:42:17","modified_gmt":"2021-11-17T13:42:17","slug":"el-instituto-de-rehabilitacion-funcional-rehabilitar-busca-medicos-2","status":"publish","type":"post","link":"https:\/\/colmed1.org.ar\/web\/index.php\/2021\/11\/17\/el-instituto-de-rehabilitacion-funcional-rehabilitar-busca-medicos-2\/","title":{"rendered":"El Instituto de Rehabilitaci\u00f3n Funcional \u201cReHabilitar\u201d busca m\u00e9dicos"},"content":{"rendered":"\n<p>El Colegio de M\u00e9dicos de la Provincia de Buenos Aires, Distrito I, informa a sus matriculados que el Instituto de Rehabilitaci\u00f3n Funcional \u201cReHabilitar\u201d busca m\u00e9dicos matriculados para realizar guardias.<\/p>\n\n\n\n<p>El Instituto de Rehabilitaci\u00f3n se encuentra ubicado en calle 4 &nbsp;n\u00famero 387 entre 2 y 3 de la ciudad de La Plata.<\/p>\n\n\n\n<p>Disponibilidad full-time. Se ofrece relaci\u00f3n de dependencia y obra social<\/p>\n\n\n\n<p>Los interesados deben enviar&nbsp; CV a institutorehabilitar@gmail.com .<\/p>\n","protected":false},"excerpt":{"rendered":"<p>El Colegio de M\u00e9dicos de la Provincia de Buenos Aires, Distrito I, informa a sus matriculados que el Instituto de Rehabilitaci\u00f3n Funcional \u201cReHabilitar\u201d busca m\u00e9dicos matriculados para realizar guardias. El Instituto de Rehabilitaci\u00f3n se encuentra ubicado en calle 4 &nbsp;n\u00famero 387 entre 2 y 3 de la ciudad de La Plata. Disponibilidad full-time. Se ofrece [&hellip;]<\/p>\n","protected":false},"author":1,"featured_media":0,"comment_status":"closed","ping_status":"closed","sticky":false,"template":"","format":"standard","meta":{"_et_pb_use_builder":"off","_et_pb_old_content":"","_et_gb_content_width":"","inline_featured_image":false,"footnotes":""},"categories":[15],"tags":[],"class_list":["post-2188","post","type-post","status-publish","format-standard","hentry","category-bolsa-de-trabajo"],"_links":{"self":[{"href":"https:\/\/colmed1.org.ar\/web\/index.php\/wp-json\/wp\/v2\/posts\/2188","targetHints":{"allow":["GET"]}}],"collection":[{"href":"https:\/\/colmed1.org.ar\/web\/index.php\/wp-json\/wp\/v2\/posts"}],"about":[{"href":"https:\/\/colmed1.org.ar\/web\/index.php\/wp-json\/wp\/v2\/types\/post"}],"author":[{"embeddable":true,"href":"https:\/\/colmed1.org.ar\/web\/index.php\/wp-json\/wp\/v2\/users\/1"}],"replies":[{"embeddable":true,"href":"https:\/\/colmed1.org.ar\/web\/index.php\/wp-json\/wp\/v2\/comments?post=2188"}],"version-history":[{"count":1,"href":"https:\/\/colmed1.org.ar\/web\/index.php\/wp-json\/wp\/v2\/posts\/2188\/revisions"}],"predecessor-version":[{"id":2189,"href":"https:\/\/colmed1.org.ar\/web\/index.php\/wp-json\/wp\/v2\/posts\/2188\/revisions\/2189"}],"wp:attachment":[{"href":"https:\/\/colmed1.org.ar\/web\/index.php\/wp-json\/wp\/v2\/media?parent=2188"}],"wp:term":[{"taxonomy":"category","embeddable":true,"href":"https:\/\/colmed1.org.ar\/web\/index.php\/wp-json\/wp\/v2\/categories?post=2188"},{"taxonomy":"post_tag","embeddable":true,"href":"https:\/\/colmed1.org.ar\/web\/index.php\/wp-json\/wp\/v2\/tags?post=2188"}],"curies":[{"name":"wp","href":"https:\/\/api.w.org\/{rel}","templated":true}]}}