{"id":2193,"date":"2021-11-19T15:42:56","date_gmt":"2021-11-19T18:42:56","guid":{"rendered":"https:\/\/colmed1.org.ar\/?p=2193"},"modified":"2021-11-19T15:42:59","modified_gmt":"2021-11-19T18:42:59","slug":"campo-recreativo-el-cardon-busca-medicos","status":"publish","type":"post","link":"https:\/\/colmed1.org.ar\/web\/index.php\/2021\/11\/19\/campo-recreativo-el-cardon-busca-medicos\/","title":{"rendered":"Campo Recreativo \u201cEl Card\u00f3n\u201d busca m\u00e9dicos"},"content":{"rendered":"\n<p>El Colegio de M\u00e9dicos de la Provincia de Buenos Aires, Distrito I, informa a sus matriculados que el Campo Recreativo&nbsp; \u201cEl Card\u00f3n\u201d busca M\u00e9dica\/o para temporada.<\/p>\n\n\n\n<p>Temporada&nbsp;diciembre 2021; enero y&nbsp;febrero 2022<\/p>\n\n\n\n<p>D\u00edas y Horarios a confirmar<\/p>\n\n\n\n<p>Requisito: Matricula Provincial habilitante<\/p>\n\n\n\n<p>Contactos a RRHH AGREMIACI\u00d3N M\u00c9DICA PLATENSE:<\/p>\n\n\n\n<p>Tel.:&nbsp;<strong><a href=\"221-429-8400\" target=\"_blank\" rel=\"noreferrer noopener\">221-429-8400<\/a><\/strong>&nbsp;int. 212<\/p>\n\n\n\n<p>E-mail:&nbsp;<a href=\"mailto:elcardon@amepla.org.ar\" target=\"_blank\" rel=\"noreferrer noopener\">elcardon@amepla.org.ar<\/a><\/p>\n","protected":false},"excerpt":{"rendered":"<p>El Colegio de M\u00e9dicos de la Provincia de Buenos Aires, Distrito I, informa a sus matriculados que el Campo Recreativo&nbsp; \u201cEl Card\u00f3n\u201d busca M\u00e9dica\/o para temporada. Temporada&nbsp;diciembre 2021; enero y&nbsp;febrero 2022 D\u00edas y Horarios a confirmar Requisito: Matricula Provincial habilitante Contactos a RRHH AGREMIACI\u00d3N M\u00c9DICA PLATENSE: Tel.:&nbsp;221-429-8400&nbsp;int. 212 E-mail:&nbsp;elcardon@amepla.org.ar<\/p>\n","protected":false},"author":1,"featured_media":0,"comment_status":"closed","ping_status":"closed","sticky":false,"template":"","format":"standard","meta":{"_et_pb_use_builder":"off","_et_pb_old_content":"","_et_gb_content_width":"","inline_featured_image":false,"footnotes":""},"categories":[15],"tags":[],"class_list":["post-2193","post","type-post","status-publish","format-standard","hentry","category-bolsa-de-trabajo"],"_links":{"self":[{"href":"https:\/\/colmed1.org.ar\/web\/index.php\/wp-json\/wp\/v2\/posts\/2193","targetHints":{"allow":["GET"]}}],"collection":[{"href":"https:\/\/colmed1.org.ar\/web\/index.php\/wp-json\/wp\/v2\/posts"}],"about":[{"href":"https:\/\/colmed1.org.ar\/web\/index.php\/wp-json\/wp\/v2\/types\/post"}],"author":[{"embeddable":true,"href":"https:\/\/colmed1.org.ar\/web\/index.php\/wp-json\/wp\/v2\/users\/1"}],"replies":[{"embeddable":true,"href":"https:\/\/colmed1.org.ar\/web\/index.php\/wp-json\/wp\/v2\/comments?post=2193"}],"version-history":[{"count":1,"href":"https:\/\/colmed1.org.ar\/web\/index.php\/wp-json\/wp\/v2\/posts\/2193\/revisions"}],"predecessor-version":[{"id":2194,"href":"https:\/\/colmed1.org.ar\/web\/index.php\/wp-json\/wp\/v2\/posts\/2193\/revisions\/2194"}],"wp:attachment":[{"href":"https:\/\/colmed1.org.ar\/web\/index.php\/wp-json\/wp\/v2\/media?parent=2193"}],"wp:term":[{"taxonomy":"category","embeddable":true,"href":"https:\/\/colmed1.org.ar\/web\/index.php\/wp-json\/wp\/v2\/categories?post=2193"},{"taxonomy":"post_tag","embeddable":true,"href":"https:\/\/colmed1.org.ar\/web\/index.php\/wp-json\/wp\/v2\/tags?post=2193"}],"curies":[{"name":"wp","href":"https:\/\/api.w.org\/{rel}","templated":true}]}}