{"id":2308,"date":"2022-02-04T16:24:02","date_gmt":"2022-02-04T19:24:02","guid":{"rendered":"https:\/\/colmed1.org.ar\/?p=2308"},"modified":"2022-02-04T16:24:05","modified_gmt":"2022-02-04T19:24:05","slug":"vita-residencia-para-adultos-mayores-busca-medicos","status":"publish","type":"post","link":"https:\/\/colmed1.org.ar\/web\/index.php\/2022\/02\/04\/vita-residencia-para-adultos-mayores-busca-medicos\/","title":{"rendered":"VITA Residencia para Adultos Mayores busca M\u00e9dicos"},"content":{"rendered":"\n<p>El Colegio de m\u00e9dicos de la Provincia de Buenos Aires Distrito I, informa a sus matriculados que se busca m\u00e9dico matriculado para formar parte de Residencia de adultos mayores de baja y media complejidad.&nbsp;<\/p>\n\n\n\n<p>Carga horaria: 10 hs semanales, d\u00edas&nbsp;y horario a coordinar.<\/p>\n\n\n\n<p>Remuneraci\u00f3n&nbsp;estimada de $55.000.<\/p>\n\n\n\n<p>Equipo de trabajo: Lic. en Psicolog\u00eda, Nutricionista, T\u00e9cnica en Psicomotricidad, Acompa\u00f1ante Terap\u00e9utico.<\/p>\n\n\n\n<p><strong>Contacto: 221-5944897<\/strong><\/p>\n\n\n\n<p><strong>mail:&nbsp;<a href=\"mailto:residenciavitalp@gmail.com\" target=\"_blank\" rel=\"noreferrer noopener\">residenciavitalp@gmail.com<\/a><\/strong><\/p>\n","protected":false},"excerpt":{"rendered":"<p>El Colegio de m\u00e9dicos de la Provincia de Buenos Aires Distrito I, informa a sus matriculados que se busca m\u00e9dico matriculado para formar parte de Residencia de adultos mayores de baja y media complejidad.&nbsp; Carga horaria: 10 hs semanales, d\u00edas&nbsp;y horario a coordinar. Remuneraci\u00f3n&nbsp;estimada de $55.000. Equipo de trabajo: Lic. en Psicolog\u00eda, Nutricionista, T\u00e9cnica en [&hellip;]<\/p>\n","protected":false},"author":1,"featured_media":0,"comment_status":"closed","ping_status":"closed","sticky":false,"template":"","format":"standard","meta":{"_et_pb_use_builder":"","_et_pb_old_content":"","_et_gb_content_width":"","inline_featured_image":false,"footnotes":""},"categories":[15],"tags":[],"class_list":["post-2308","post","type-post","status-publish","format-standard","hentry","category-bolsa-de-trabajo"],"_links":{"self":[{"href":"https:\/\/colmed1.org.ar\/web\/index.php\/wp-json\/wp\/v2\/posts\/2308","targetHints":{"allow":["GET"]}}],"collection":[{"href":"https:\/\/colmed1.org.ar\/web\/index.php\/wp-json\/wp\/v2\/posts"}],"about":[{"href":"https:\/\/colmed1.org.ar\/web\/index.php\/wp-json\/wp\/v2\/types\/post"}],"author":[{"embeddable":true,"href":"https:\/\/colmed1.org.ar\/web\/index.php\/wp-json\/wp\/v2\/users\/1"}],"replies":[{"embeddable":true,"href":"https:\/\/colmed1.org.ar\/web\/index.php\/wp-json\/wp\/v2\/comments?post=2308"}],"version-history":[{"count":1,"href":"https:\/\/colmed1.org.ar\/web\/index.php\/wp-json\/wp\/v2\/posts\/2308\/revisions"}],"predecessor-version":[{"id":2309,"href":"https:\/\/colmed1.org.ar\/web\/index.php\/wp-json\/wp\/v2\/posts\/2308\/revisions\/2309"}],"wp:attachment":[{"href":"https:\/\/colmed1.org.ar\/web\/index.php\/wp-json\/wp\/v2\/media?parent=2308"}],"wp:term":[{"taxonomy":"category","embeddable":true,"href":"https:\/\/colmed1.org.ar\/web\/index.php\/wp-json\/wp\/v2\/categories?post=2308"},{"taxonomy":"post_tag","embeddable":true,"href":"https:\/\/colmed1.org.ar\/web\/index.php\/wp-json\/wp\/v2\/tags?post=2308"}],"curies":[{"name":"wp","href":"https:\/\/api.w.org\/{rel}","templated":true}]}}