{"id":2503,"date":"2022-05-11T09:44:42","date_gmt":"2022-05-11T12:44:42","guid":{"rendered":"https:\/\/colmed1.org.ar\/?p=2503"},"modified":"2022-05-11T09:44:45","modified_gmt":"2022-05-11T12:44:45","slug":"el-gobierno-de-la-provincia-de-neuquen-busca-medicos","status":"publish","type":"post","link":"https:\/\/colmed1.org.ar\/web\/index.php\/2022\/05\/11\/el-gobierno-de-la-provincia-de-neuquen-busca-medicos\/","title":{"rendered":"El Gobierno de la Provincia de Neuqu\u00e9n busca M\u00e9dicos"},"content":{"rendered":"\n<p>El Colegio de M\u00e9dicos de la Provincia de Buenos Aires Distrito I informa a sus matriculados que Gobierno de la Provincia de Neuqu\u00e9n busca M\u00e9dicos con especialidad en Medicina General, para incorporarlos a su sistema de Salud P\u00fablica.<\/p>\n\n\n\n<p>Para enviar CV o recibir m\u00e1s informaci\u00f3n comunicarse a: <a href=\"mailto:rrhhsalud@neuquen.gov.ar\">rrhhsalud@neuquen.gov.ar<\/a> o al tel\u00e9fono 299-5358036.<\/p>\n\n\n","protected":false},"excerpt":{"rendered":"<p>El Colegio de M\u00e9dicos de la Provincia de Buenos Aires Distrito I informa a sus matriculados que Gobierno de la Provincia de Neuqu\u00e9n busca M\u00e9dicos con especialidad en Medicina General, para incorporarlos a su sistema de Salud P\u00fablica. Para enviar CV o recibir m\u00e1s informaci\u00f3n comunicarse a: rrhhsalud@neuquen.gov.ar o al tel\u00e9fono 299-5358036.<\/p>\n","protected":false},"author":1,"featured_media":0,"comment_status":"closed","ping_status":"closed","sticky":false,"template":"","format":"standard","meta":{"_et_pb_use_builder":"","_et_pb_old_content":"","_et_gb_content_width":"","inline_featured_image":false,"footnotes":""},"categories":[15],"tags":[],"class_list":["post-2503","post","type-post","status-publish","format-standard","hentry","category-bolsa-de-trabajo"],"_links":{"self":[{"href":"https:\/\/colmed1.org.ar\/web\/index.php\/wp-json\/wp\/v2\/posts\/2503","targetHints":{"allow":["GET"]}}],"collection":[{"href":"https:\/\/colmed1.org.ar\/web\/index.php\/wp-json\/wp\/v2\/posts"}],"about":[{"href":"https:\/\/colmed1.org.ar\/web\/index.php\/wp-json\/wp\/v2\/types\/post"}],"author":[{"embeddable":true,"href":"https:\/\/colmed1.org.ar\/web\/index.php\/wp-json\/wp\/v2\/users\/1"}],"replies":[{"embeddable":true,"href":"https:\/\/colmed1.org.ar\/web\/index.php\/wp-json\/wp\/v2\/comments?post=2503"}],"version-history":[{"count":2,"href":"https:\/\/colmed1.org.ar\/web\/index.php\/wp-json\/wp\/v2\/posts\/2503\/revisions"}],"predecessor-version":[{"id":2506,"href":"https:\/\/colmed1.org.ar\/web\/index.php\/wp-json\/wp\/v2\/posts\/2503\/revisions\/2506"}],"wp:attachment":[{"href":"https:\/\/colmed1.org.ar\/web\/index.php\/wp-json\/wp\/v2\/media?parent=2503"}],"wp:term":[{"taxonomy":"category","embeddable":true,"href":"https:\/\/colmed1.org.ar\/web\/index.php\/wp-json\/wp\/v2\/categories?post=2503"},{"taxonomy":"post_tag","embeddable":true,"href":"https:\/\/colmed1.org.ar\/web\/index.php\/wp-json\/wp\/v2\/tags?post=2503"}],"curies":[{"name":"wp","href":"https:\/\/api.w.org\/{rel}","templated":true}]}}