{"id":2507,"date":"2022-05-11T11:55:34","date_gmt":"2022-05-11T14:55:34","guid":{"rendered":"https:\/\/colmed1.org.ar\/?p=2507"},"modified":"2022-05-11T11:56:03","modified_gmt":"2022-05-11T14:56:03","slug":"clinica-aires-de-pacheco-busca-medicos","status":"publish","type":"post","link":"https:\/\/colmed1.org.ar\/web\/index.php\/2022\/05\/11\/clinica-aires-de-pacheco-busca-medicos\/","title":{"rendered":"Cl\u00ednica Aires de Pacheco Busca M\u00e9dicos"},"content":{"rendered":"\n<p>El Colegio de M\u00e9dicos Distrito I informa a sus matriculados que la&nbsp; Cl\u00ednica Aires de Pacheco busca un\/a COORDINADOR\/A M\u00c9DICO\/A para trabajar de LUNES a VIERNES (horario a convenir), para su cl\u00ednica ubicada en Pacheco.<\/p>\n\n\n\n<p>&nbsp;Tareas: &#8211; Interacci\u00f3n con los m\u00e9dicos del centro, Auditores propios y con los referentes m\u00e9dicos de las dem\u00e1s cl\u00ednicas. &#8211; Auditor\u00eda de los siniestros de accidentes de trabajo y enfermedades profesionales que se atienden en el centro. &#8211; Detectar desv\u00edos en prestaciones o atenciones m\u00e9dicas. &#8211; Capacitaci\u00f3n de los profesionales en la confecci\u00f3n de parte m\u00e9dico de egreso, patolog\u00edas inculpables, reingresos y enfermedades profesionales. &#8211; Implementar los protocolos de atenci\u00f3n para optimizar los tiempos. &#8211; Generar protocolos y circuitos internos necesarios para la optimizaci\u00f3n de los siniestros siempre consensuados con los Referentes M\u00e9dicos.<\/p>\n\n\n\n<p>Requisitos: &#8211; &nbsp;Titulo.<\/p>\n\n\n\n<p>&nbsp;&nbsp;&nbsp;&nbsp;&nbsp;&nbsp;&nbsp;&nbsp;&nbsp;&nbsp;&nbsp;&nbsp;&nbsp;&nbsp;&nbsp; &#8211; Experiencia previa en ART.<\/p>\n\n\n\n<p>&nbsp;&nbsp;&nbsp;&nbsp;&nbsp;&nbsp;&nbsp;&nbsp;&nbsp;&nbsp;&nbsp;&nbsp;&nbsp;&nbsp;&nbsp; &nbsp;&#8211; Certificado de \u00c9tica profesional.<\/p>\n\n\n\n<p>&nbsp;&nbsp;&nbsp;&nbsp;&nbsp;&nbsp;&nbsp;&nbsp;&nbsp;&nbsp;&nbsp;&nbsp;&nbsp;&nbsp;&nbsp; &nbsp;&#8211; Matricula nacional y provincial.<\/p>\n\n\n\n<p>&nbsp;&nbsp;&nbsp;&nbsp;&nbsp;&nbsp;&nbsp;&nbsp;&nbsp;&nbsp;&nbsp;&nbsp;&nbsp;&nbsp;&nbsp; &nbsp;&#8211; Seguro de mala praxis.<\/p>\n\n\n\n<p>Si estas interesado\/a en la propuesta comun\u00edcate al: 1162783118 empleo@colonia-suiza.com<\/p>\n\n\n\n<div data-wp-interactive=\"core\/file\" class=\"wp-block-file\"><object data-wp-bind--hidden=\"!state.hasPdfPreview\" hidden class=\"wp-block-file__embed\" data=\"https:\/\/colmed1.org.ar\/wp-content\/uploads\/2022\/05\/Busqueda-coordinador-medico.pdf\" type=\"application\/pdf\" style=\"width:100%;height:600px\" aria-label=\"Incrustado de Incrustado de Busqueda-coordinador-medico..\"><\/object><a id=\"wp-block-file--media-bba8d43c-56bd-4f4b-8d80-9504f8d253aa\" href=\"https:\/\/colmed1.org.ar\/wp-content\/uploads\/2022\/05\/Busqueda-coordinador-medico.pdf\">Busqueda-coordinador-medico<\/a><a href=\"https:\/\/colmed1.org.ar\/wp-content\/uploads\/2022\/05\/Busqueda-coordinador-medico.pdf\" class=\"wp-block-file__button\" download aria-describedby=\"wp-block-file--media-bba8d43c-56bd-4f4b-8d80-9504f8d253aa\">Descarga<\/a><\/div>\n","protected":false},"excerpt":{"rendered":"<p>El Colegio de M\u00e9dicos Distrito I informa a sus matriculados que la&nbsp; Cl\u00ednica Aires de Pacheco busca un\/a COORDINADOR\/A M\u00c9DICO\/A para trabajar de LUNES a VIERNES (horario a convenir), para su cl\u00ednica ubicada en Pacheco. &nbsp;Tareas: &#8211; Interacci\u00f3n con los m\u00e9dicos del centro, Auditores propios y con los referentes m\u00e9dicos de las dem\u00e1s cl\u00ednicas. &#8211; [&hellip;]<\/p>\n","protected":false},"author":1,"featured_media":0,"comment_status":"closed","ping_status":"closed","sticky":false,"template":"","format":"standard","meta":{"_et_pb_use_builder":"","_et_pb_old_content":"","_et_gb_content_width":"","inline_featured_image":false,"footnotes":""},"categories":[15,1],"tags":[],"class_list":["post-2507","post","type-post","status-publish","format-standard","hentry","category-bolsa-de-trabajo","category-uncategorized"],"_links":{"self":[{"href":"https:\/\/colmed1.org.ar\/web\/index.php\/wp-json\/wp\/v2\/posts\/2507","targetHints":{"allow":["GET"]}}],"collection":[{"href":"https:\/\/colmed1.org.ar\/web\/index.php\/wp-json\/wp\/v2\/posts"}],"about":[{"href":"https:\/\/colmed1.org.ar\/web\/index.php\/wp-json\/wp\/v2\/types\/post"}],"author":[{"embeddable":true,"href":"https:\/\/colmed1.org.ar\/web\/index.php\/wp-json\/wp\/v2\/users\/1"}],"replies":[{"embeddable":true,"href":"https:\/\/colmed1.org.ar\/web\/index.php\/wp-json\/wp\/v2\/comments?post=2507"}],"version-history":[{"count":1,"href":"https:\/\/colmed1.org.ar\/web\/index.php\/wp-json\/wp\/v2\/posts\/2507\/revisions"}],"predecessor-version":[{"id":2509,"href":"https:\/\/colmed1.org.ar\/web\/index.php\/wp-json\/wp\/v2\/posts\/2507\/revisions\/2509"}],"wp:attachment":[{"href":"https:\/\/colmed1.org.ar\/web\/index.php\/wp-json\/wp\/v2\/media?parent=2507"}],"wp:term":[{"taxonomy":"category","embeddable":true,"href":"https:\/\/colmed1.org.ar\/web\/index.php\/wp-json\/wp\/v2\/categories?post=2507"},{"taxonomy":"post_tag","embeddable":true,"href":"https:\/\/colmed1.org.ar\/web\/index.php\/wp-json\/wp\/v2\/tags?post=2507"}],"curies":[{"name":"wp","href":"https:\/\/api.w.org\/{rel}","templated":true}]}}