{"id":2531,"date":"2022-05-24T08:45:56","date_gmt":"2022-05-24T11:45:56","guid":{"rendered":"https:\/\/colmed1.org.ar\/?p=2531"},"modified":"2022-05-24T08:51:57","modified_gmt":"2022-05-24T11:51:57","slug":"el-instituto-oftalmologico-platense-busca-medicos","status":"publish","type":"post","link":"https:\/\/colmed1.org.ar\/web\/index.php\/2022\/05\/24\/el-instituto-oftalmologico-platense-busca-medicos\/","title":{"rendered":"El Instituto Oftalmol\u00f3gico Platense busca m\u00e9dicos"},"content":{"rendered":"\n<p>El Colegio de M\u00e9dicos  de la Provincia de Buenos Aires, Distrito I, informa a sus matriculados que el Instituto Oftalmol\u00f3gico Platense est\u00e1 buscando profesionales para armado de equipo de trabajo.<\/p>\n\n\n\n<p>&nbsp;Requisitos: o T\u00edtulo de especialista o Colegiado en distrito 1 o Asociado a AMP<\/p>\n\n\n\n<p>Cualquier interesado\/a enviar datos de contacto y CV a: institutooftalmologicoplatense@gmail.com<\/p>\n\n\n\n<div data-wp-interactive=\"core\/file\" class=\"wp-block-file\"><object data-wp-bind--hidden=\"!state.hasPdfPreview\" hidden class=\"wp-block-file__embed\" data=\"https:\/\/colmed1.org.ar\/wp-content\/uploads\/2022\/05\/Puesto-laboral-oftalmologico.pdf\" type=\"application\/pdf\" style=\"width:100%;height:600px\" aria-label=\"Incrustado de Incrustado de Puesto-laboral-oftalmologico..\"><\/object><a id=\"wp-block-file--media-7bf4a201-6bb4-4275-9668-e7818b91df13\" href=\"https:\/\/colmed1.org.ar\/wp-content\/uploads\/2022\/05\/Puesto-laboral-oftalmologico.pdf\">Puesto-laboral-oftalmologico<\/a><a href=\"https:\/\/colmed1.org.ar\/wp-content\/uploads\/2022\/05\/Puesto-laboral-oftalmologico.pdf\" class=\"wp-block-file__button\" download aria-describedby=\"wp-block-file--media-7bf4a201-6bb4-4275-9668-e7818b91df13\">Descarga<\/a><\/div>\n","protected":false},"excerpt":{"rendered":"<p>El Colegio de M\u00e9dicos de la Provincia de Buenos Aires, Distrito I, informa a sus matriculados que el Instituto Oftalmol\u00f3gico Platense est\u00e1 buscando profesionales para armado de equipo de trabajo. &nbsp;Requisitos: o T\u00edtulo de especialista o Colegiado en distrito 1 o Asociado a AMP Cualquier interesado\/a enviar datos de contacto y CV a: institutooftalmologicoplatense@gmail.com<\/p>\n","protected":false},"author":1,"featured_media":0,"comment_status":"closed","ping_status":"closed","sticky":false,"template":"","format":"standard","meta":{"_et_pb_use_builder":"","_et_pb_old_content":"","_et_gb_content_width":"","inline_featured_image":false,"footnotes":""},"categories":[15],"tags":[],"class_list":["post-2531","post","type-post","status-publish","format-standard","hentry","category-bolsa-de-trabajo"],"_links":{"self":[{"href":"https:\/\/colmed1.org.ar\/web\/index.php\/wp-json\/wp\/v2\/posts\/2531","targetHints":{"allow":["GET"]}}],"collection":[{"href":"https:\/\/colmed1.org.ar\/web\/index.php\/wp-json\/wp\/v2\/posts"}],"about":[{"href":"https:\/\/colmed1.org.ar\/web\/index.php\/wp-json\/wp\/v2\/types\/post"}],"author":[{"embeddable":true,"href":"https:\/\/colmed1.org.ar\/web\/index.php\/wp-json\/wp\/v2\/users\/1"}],"replies":[{"embeddable":true,"href":"https:\/\/colmed1.org.ar\/web\/index.php\/wp-json\/wp\/v2\/comments?post=2531"}],"version-history":[{"count":2,"href":"https:\/\/colmed1.org.ar\/web\/index.php\/wp-json\/wp\/v2\/posts\/2531\/revisions"}],"predecessor-version":[{"id":2534,"href":"https:\/\/colmed1.org.ar\/web\/index.php\/wp-json\/wp\/v2\/posts\/2531\/revisions\/2534"}],"wp:attachment":[{"href":"https:\/\/colmed1.org.ar\/web\/index.php\/wp-json\/wp\/v2\/media?parent=2531"}],"wp:term":[{"taxonomy":"category","embeddable":true,"href":"https:\/\/colmed1.org.ar\/web\/index.php\/wp-json\/wp\/v2\/categories?post=2531"},{"taxonomy":"post_tag","embeddable":true,"href":"https:\/\/colmed1.org.ar\/web\/index.php\/wp-json\/wp\/v2\/tags?post=2531"}],"curies":[{"name":"wp","href":"https:\/\/api.w.org\/{rel}","templated":true}]}}