{"id":2593,"date":"2022-06-22T11:03:45","date_gmt":"2022-06-22T14:03:45","guid":{"rendered":"https:\/\/colmed1.org.ar\/?p=2593"},"modified":"2022-06-22T11:03:46","modified_gmt":"2022-06-22T14:03:46","slug":"residencia-medica-en-diagnostico-por-imagenes","status":"publish","type":"post","link":"https:\/\/colmed1.org.ar\/web\/index.php\/2022\/06\/22\/residencia-medica-en-diagnostico-por-imagenes\/","title":{"rendered":"Residencia M\u00e9dica en Diagn\u00f3stico por Im\u00e1genes"},"content":{"rendered":"\n<p>El Colegio de M\u00e9dicos de la Provincia de Buenos Aires, Distrito I, informa a sus matriculados que se encuentra abierto el llamado a concurso para cubrir 2 cargos m\u00e9dicos de la Especialidad <strong>Residencia M\u00e9dica en Diagn\u00f3stico por Im\u00e1genes en Cimed<\/strong><\/p>\n\n\n\n<p>Dedicaci\u00f3n Full Time<\/p>\n\n\n\n<p><strong>Inscripci\u00f3n:<\/strong><\/p>\n\n\n\n<p><strong>4 al 29 de Julio 2022<\/strong><\/p>\n\n\n\n<h1 class=\"wp-block-heading\">Requisitos: <a href=\"http:\/\/www.cimeddigital.com\">www.cimeddigital.com<\/a><\/h1>\n\n\n\n<p>Presentarse: lunes a viernes de 09,30 a 12,30 hs.<\/p>\n\n\n\n<p>Calle 5 N\u00ba 416 e\/40 y 41 &#8211; La Plata<\/p>\n","protected":false},"excerpt":{"rendered":"<p>El Colegio de M\u00e9dicos de la Provincia de Buenos Aires, Distrito I, informa a sus matriculados que se encuentra abierto el llamado a concurso para cubrir 2 cargos m\u00e9dicos de la Especialidad Residencia M\u00e9dica en Diagn\u00f3stico por Im\u00e1genes en Cimed Dedicaci\u00f3n Full Time Inscripci\u00f3n: 4 al 29 de Julio 2022 Requisitos: www.cimeddigital.com Presentarse: lunes a [&hellip;]<\/p>\n","protected":false},"author":1,"featured_media":0,"comment_status":"closed","ping_status":"closed","sticky":false,"template":"","format":"standard","meta":{"_et_pb_use_builder":"","_et_pb_old_content":"","_et_gb_content_width":"","inline_featured_image":false,"footnotes":""},"categories":[15],"tags":[],"class_list":["post-2593","post","type-post","status-publish","format-standard","hentry","category-bolsa-de-trabajo"],"_links":{"self":[{"href":"https:\/\/colmed1.org.ar\/web\/index.php\/wp-json\/wp\/v2\/posts\/2593","targetHints":{"allow":["GET"]}}],"collection":[{"href":"https:\/\/colmed1.org.ar\/web\/index.php\/wp-json\/wp\/v2\/posts"}],"about":[{"href":"https:\/\/colmed1.org.ar\/web\/index.php\/wp-json\/wp\/v2\/types\/post"}],"author":[{"embeddable":true,"href":"https:\/\/colmed1.org.ar\/web\/index.php\/wp-json\/wp\/v2\/users\/1"}],"replies":[{"embeddable":true,"href":"https:\/\/colmed1.org.ar\/web\/index.php\/wp-json\/wp\/v2\/comments?post=2593"}],"version-history":[{"count":1,"href":"https:\/\/colmed1.org.ar\/web\/index.php\/wp-json\/wp\/v2\/posts\/2593\/revisions"}],"predecessor-version":[{"id":2594,"href":"https:\/\/colmed1.org.ar\/web\/index.php\/wp-json\/wp\/v2\/posts\/2593\/revisions\/2594"}],"wp:attachment":[{"href":"https:\/\/colmed1.org.ar\/web\/index.php\/wp-json\/wp\/v2\/media?parent=2593"}],"wp:term":[{"taxonomy":"category","embeddable":true,"href":"https:\/\/colmed1.org.ar\/web\/index.php\/wp-json\/wp\/v2\/categories?post=2593"},{"taxonomy":"post_tag","embeddable":true,"href":"https:\/\/colmed1.org.ar\/web\/index.php\/wp-json\/wp\/v2\/tags?post=2593"}],"curies":[{"name":"wp","href":"https:\/\/api.w.org\/{rel}","templated":true}]}}