{"id":2602,"date":"2022-06-23T13:30:09","date_gmt":"2022-06-23T16:30:09","guid":{"rendered":"https:\/\/colmed1.org.ar\/?p=2602"},"modified":"2022-06-23T13:30:29","modified_gmt":"2022-06-23T16:30:29","slug":"cooperativa-electrica-de-bolivar-busca-medico","status":"publish","type":"post","link":"https:\/\/colmed1.org.ar\/web\/index.php\/2022\/06\/23\/cooperativa-electrica-de-bolivar-busca-medico\/","title":{"rendered":"Cooperativa El\u00e9ctrica de Bolivar busca M\u00e9dico"},"content":{"rendered":"\n<p>El Colegio de M\u00e9dicos de la Provincia de Buenos Aires, Distrito I, informa a sus matriculados que el servicio de emergencias de la Cooperativa El\u00e9ctrica de Bol\u00edvar, COOPEMED est\u00e1 en la b\u00fasqueda de M\u00e9dico Generalista para guardias.\u00a0<\/p>\n\n\n\n<figure class=\"wp-block-image size-large\"><img loading=\"lazy\" decoding=\"async\" width=\"1024\" height=\"1024\" src=\"https:\/\/colmed1.org.ar\/wp-content\/uploads\/2022\/06\/bu\u0301squeda-me\u0301dico-coop-1024x1024.png\" alt=\"\" class=\"wp-image-2603\" srcset=\"https:\/\/colmed1.org.ar\/web\/wp-content\/uploads\/2022\/06\/bu\u0301squeda-me\u0301dico-coop-1024x1024.png 1024w, https:\/\/colmed1.org.ar\/web\/wp-content\/uploads\/2022\/06\/bu\u0301squeda-me\u0301dico-coop-300x300.png 300w, https:\/\/colmed1.org.ar\/web\/wp-content\/uploads\/2022\/06\/bu\u0301squeda-me\u0301dico-coop-150x150.png 150w, https:\/\/colmed1.org.ar\/web\/wp-content\/uploads\/2022\/06\/bu\u0301squeda-me\u0301dico-coop-768x769.png 768w, https:\/\/colmed1.org.ar\/web\/wp-content\/uploads\/2022\/06\/bu\u0301squeda-me\u0301dico-coop-980x981.png 980w, https:\/\/colmed1.org.ar\/web\/wp-content\/uploads\/2022\/06\/bu\u0301squeda-me\u0301dico-coop-480x480.png 480w, https:\/\/colmed1.org.ar\/web\/wp-content\/uploads\/2022\/06\/bu\u0301squeda-me\u0301dico-coop.png 1080w\" sizes=\"(max-width: 1024px) 100vw, 1024px\" \/><\/figure>\n","protected":false},"excerpt":{"rendered":"<p>El Colegio de M\u00e9dicos de la Provincia de Buenos Aires, Distrito I, informa a sus matriculados que el servicio de emergencias de la Cooperativa El\u00e9ctrica de Bol\u00edvar, COOPEMED est\u00e1 en la b\u00fasqueda de M\u00e9dico Generalista para guardias.\u00a0<\/p>\n","protected":false},"author":1,"featured_media":0,"comment_status":"closed","ping_status":"closed","sticky":false,"template":"","format":"standard","meta":{"_et_pb_use_builder":"","_et_pb_old_content":"","_et_gb_content_width":"","inline_featured_image":false,"footnotes":""},"categories":[15],"tags":[],"class_list":["post-2602","post","type-post","status-publish","format-standard","hentry","category-bolsa-de-trabajo"],"_links":{"self":[{"href":"https:\/\/colmed1.org.ar\/web\/index.php\/wp-json\/wp\/v2\/posts\/2602","targetHints":{"allow":["GET"]}}],"collection":[{"href":"https:\/\/colmed1.org.ar\/web\/index.php\/wp-json\/wp\/v2\/posts"}],"about":[{"href":"https:\/\/colmed1.org.ar\/web\/index.php\/wp-json\/wp\/v2\/types\/post"}],"author":[{"embeddable":true,"href":"https:\/\/colmed1.org.ar\/web\/index.php\/wp-json\/wp\/v2\/users\/1"}],"replies":[{"embeddable":true,"href":"https:\/\/colmed1.org.ar\/web\/index.php\/wp-json\/wp\/v2\/comments?post=2602"}],"version-history":[{"count":1,"href":"https:\/\/colmed1.org.ar\/web\/index.php\/wp-json\/wp\/v2\/posts\/2602\/revisions"}],"predecessor-version":[{"id":2604,"href":"https:\/\/colmed1.org.ar\/web\/index.php\/wp-json\/wp\/v2\/posts\/2602\/revisions\/2604"}],"wp:attachment":[{"href":"https:\/\/colmed1.org.ar\/web\/index.php\/wp-json\/wp\/v2\/media?parent=2602"}],"wp:term":[{"taxonomy":"category","embeddable":true,"href":"https:\/\/colmed1.org.ar\/web\/index.php\/wp-json\/wp\/v2\/categories?post=2602"},{"taxonomy":"post_tag","embeddable":true,"href":"https:\/\/colmed1.org.ar\/web\/index.php\/wp-json\/wp\/v2\/tags?post=2602"}],"curies":[{"name":"wp","href":"https:\/\/api.w.org\/{rel}","templated":true}]}}