{"id":2632,"date":"2022-07-01T16:11:10","date_gmt":"2022-07-01T19:11:10","guid":{"rendered":"https:\/\/colmed1.org.ar\/?p=2632"},"modified":"2022-07-01T16:11:12","modified_gmt":"2022-07-01T19:11:12","slug":"llamado-a-seleccion-de-medico-titular-de-guardia-interna-del-hospital-espanol-de-la-plata","status":"publish","type":"post","link":"https:\/\/colmed1.org.ar\/web\/index.php\/2022\/07\/01\/llamado-a-seleccion-de-medico-titular-de-guardia-interna-del-hospital-espanol-de-la-plata\/","title":{"rendered":"<strong>Llamado a Selecci\u00f3n de M\u00e9dico Titular de Guardia Interna del Hospital Espa\u00f1ol de La Plata<\/strong>"},"content":{"rendered":"\n<p>El Colegio de M\u00e9dicos de la Provincia de Buenos Aires, Distrito I, informa a sus matriculados que el Hospital Espa\u00f1ol abri\u00f3 el llamado a Selecci\u00f3n de M\u00e9dico Titular de Guardia Interna, en la especialidad de Cl\u00ednica M\u00e9dica. (fin de semana)<\/p>\n\n\n\n<p>Jurado:<\/p>\n\n\n\n<p>Direcci\u00f3n M\u00e9dica: Dra. Mariana Meso<\/p>\n\n\n\n<p>Consejo M\u00e9dico Asesor:&nbsp;&nbsp;&nbsp;Dr. Carlos F Alda<\/p>\n\n\n\n<p>A.P.H.E&nbsp;:&nbsp;&nbsp;&nbsp;&nbsp;&nbsp;&nbsp;&nbsp; Dr. Carlos Dumm<\/p>\n\n\n\n<p><strong><u>Cierre de presentaci\u00f3n de documentaci\u00f3n 08\/08\/2022 12 hs.<\/u><\/strong><\/p>\n\n\n\n<p>Los requisitos que deben ser presentados en la Secretar\u00eda de Direcci\u00f3n M\u00e9dica de Lunes a Viernes &nbsp; 8 \u2013 16 hs<\/p>\n\n\n\n<p>\u00b7&nbsp;&nbsp;&nbsp;&nbsp;&nbsp;&nbsp;&nbsp;&nbsp;&nbsp;Copia Certificada como copia fiel del T\u00edtulo de M\u00e9dico<\/p>\n\n\n\n<p>\u00b7&nbsp;&nbsp;&nbsp;&nbsp;&nbsp;&nbsp;&nbsp;&nbsp;&nbsp;Copia Certificada como copia fiel del T\u00edtulo de Especialista (Cl\u00ednica M\u00e9dica \u2013 Medicina Familiar y\/o Emergentolog\u00eda)<\/p>\n\n\n\n<p>\u00b7&nbsp;&nbsp;&nbsp;&nbsp;&nbsp;&nbsp;&nbsp;&nbsp;&nbsp;Constancia de \u00e9tica emitida por el Colegio de M\u00e9dicos<\/p>\n\n\n\n<p>\u00b7&nbsp;&nbsp;&nbsp;&nbsp;&nbsp;&nbsp;&nbsp;&nbsp;&nbsp;Constancia de cobertura por Seguro por Mala Pr\u00e1xis<\/p>\n","protected":false},"excerpt":{"rendered":"<p>El Colegio de M\u00e9dicos de la Provincia de Buenos Aires, Distrito I, informa a sus matriculados que el Hospital Espa\u00f1ol abri\u00f3 el llamado a Selecci\u00f3n de M\u00e9dico Titular de Guardia Interna, en la especialidad de Cl\u00ednica M\u00e9dica. (fin de semana) Jurado: Direcci\u00f3n M\u00e9dica: Dra. Mariana Meso Consejo M\u00e9dico Asesor:&nbsp;&nbsp;&nbsp;Dr. Carlos F Alda A.P.H.E&nbsp;:&nbsp;&nbsp;&nbsp;&nbsp;&nbsp;&nbsp;&nbsp; Dr. Carlos [&hellip;]<\/p>\n","protected":false},"author":1,"featured_media":0,"comment_status":"closed","ping_status":"closed","sticky":false,"template":"","format":"standard","meta":{"_et_pb_use_builder":"","_et_pb_old_content":"","_et_gb_content_width":"","inline_featured_image":false,"footnotes":""},"categories":[15],"tags":[],"class_list":["post-2632","post","type-post","status-publish","format-standard","hentry","category-bolsa-de-trabajo"],"_links":{"self":[{"href":"https:\/\/colmed1.org.ar\/web\/index.php\/wp-json\/wp\/v2\/posts\/2632","targetHints":{"allow":["GET"]}}],"collection":[{"href":"https:\/\/colmed1.org.ar\/web\/index.php\/wp-json\/wp\/v2\/posts"}],"about":[{"href":"https:\/\/colmed1.org.ar\/web\/index.php\/wp-json\/wp\/v2\/types\/post"}],"author":[{"embeddable":true,"href":"https:\/\/colmed1.org.ar\/web\/index.php\/wp-json\/wp\/v2\/users\/1"}],"replies":[{"embeddable":true,"href":"https:\/\/colmed1.org.ar\/web\/index.php\/wp-json\/wp\/v2\/comments?post=2632"}],"version-history":[{"count":2,"href":"https:\/\/colmed1.org.ar\/web\/index.php\/wp-json\/wp\/v2\/posts\/2632\/revisions"}],"predecessor-version":[{"id":2634,"href":"https:\/\/colmed1.org.ar\/web\/index.php\/wp-json\/wp\/v2\/posts\/2632\/revisions\/2634"}],"wp:attachment":[{"href":"https:\/\/colmed1.org.ar\/web\/index.php\/wp-json\/wp\/v2\/media?parent=2632"}],"wp:term":[{"taxonomy":"category","embeddable":true,"href":"https:\/\/colmed1.org.ar\/web\/index.php\/wp-json\/wp\/v2\/categories?post=2632"},{"taxonomy":"post_tag","embeddable":true,"href":"https:\/\/colmed1.org.ar\/web\/index.php\/wp-json\/wp\/v2\/tags?post=2632"}],"curies":[{"name":"wp","href":"https:\/\/api.w.org\/{rel}","templated":true}]}}