{"id":2674,"date":"2022-07-14T10:00:28","date_gmt":"2022-07-14T13:00:28","guid":{"rendered":"https:\/\/colmed1.org.ar\/?p=2674"},"modified":"2022-07-14T10:00:50","modified_gmt":"2022-07-14T13:00:50","slug":"oferta-laboral-del-higa-gral-san-martin-de-la-plata","status":"publish","type":"post","link":"https:\/\/colmed1.org.ar\/web\/index.php\/2022\/07\/14\/oferta-laboral-del-higa-gral-san-martin-de-la-plata\/","title":{"rendered":"Oferta laboral del HIGA Gral. San Mart\u00edn de La Plata"},"content":{"rendered":"\n<p>El Colegio de M\u00e9dicos de la Provincia de Buenos Aires, Distrito I, informa a sus matriculados la oferta laboral en el HIGA Gral. San Mart\u00edn de La Plata, donde se abrir\u00e1&nbsp; la primera Unidad de ACV p\u00fablica de la Provincia de Buenos Aires, que forma parte de un proyecto mayor que es la generaci\u00f3n de una red de ACV destinada al tratamiento adecuado y oportuno de los pacientes con ataque cerebrovascular.<\/p>\n\n\n\n<p>Se buscan profesionales interesados en formar parte de un equipo multidisciplinario para el abordaje integral de estos pacientes. La unidad cuenta con cinco (5) camas completamente equipadas con para el monitoreo y tratamiento de dichos pacientes.<\/p>\n\n\n\n<p>Cargo de guardia del Ministerio de Salud de la Provincia de Buenos Aires.<\/p>\n\n\n\n<p>Los interesados en formar parte de este desaf\u00edo, con ganas formar parte de este nuevo equipo y ampliar sus conocimientos en enfermedades cerebro vasculares, pueden contactarse a leandrotumino@gmail.com<\/p>\n\n\n\n<div class=\"wp-block-file\"><a id=\"wp-block-file--media-f60125e4-7b64-423c-878d-eb20c0d6c510\" href=\"https:\/\/colmed1.org.ar\/wp-content\/uploads\/2022\/07\/higa.png\">higa<\/a><a href=\"https:\/\/colmed1.org.ar\/wp-content\/uploads\/2022\/07\/higa.png\" class=\"wp-block-file__button\" download aria-describedby=\"wp-block-file--media-f60125e4-7b64-423c-878d-eb20c0d6c510\">Descarga<\/a><\/div>\n","protected":false},"excerpt":{"rendered":"<p>El Colegio de M\u00e9dicos de la Provincia de Buenos Aires, Distrito I, informa a sus matriculados la oferta laboral en el HIGA Gral. San Mart\u00edn de La Plata, donde se abrir\u00e1&nbsp; la primera Unidad de ACV p\u00fablica de la Provincia de Buenos Aires, que forma parte de un proyecto mayor que es la generaci\u00f3n de [&hellip;]<\/p>\n","protected":false},"author":1,"featured_media":0,"comment_status":"closed","ping_status":"closed","sticky":false,"template":"","format":"standard","meta":{"_et_pb_use_builder":"","_et_pb_old_content":"","_et_gb_content_width":"","inline_featured_image":false,"footnotes":""},"categories":[15,1],"tags":[],"class_list":["post-2674","post","type-post","status-publish","format-standard","hentry","category-bolsa-de-trabajo","category-uncategorized"],"_links":{"self":[{"href":"https:\/\/colmed1.org.ar\/web\/index.php\/wp-json\/wp\/v2\/posts\/2674","targetHints":{"allow":["GET"]}}],"collection":[{"href":"https:\/\/colmed1.org.ar\/web\/index.php\/wp-json\/wp\/v2\/posts"}],"about":[{"href":"https:\/\/colmed1.org.ar\/web\/index.php\/wp-json\/wp\/v2\/types\/post"}],"author":[{"embeddable":true,"href":"https:\/\/colmed1.org.ar\/web\/index.php\/wp-json\/wp\/v2\/users\/1"}],"replies":[{"embeddable":true,"href":"https:\/\/colmed1.org.ar\/web\/index.php\/wp-json\/wp\/v2\/comments?post=2674"}],"version-history":[{"count":1,"href":"https:\/\/colmed1.org.ar\/web\/index.php\/wp-json\/wp\/v2\/posts\/2674\/revisions"}],"predecessor-version":[{"id":2676,"href":"https:\/\/colmed1.org.ar\/web\/index.php\/wp-json\/wp\/v2\/posts\/2674\/revisions\/2676"}],"wp:attachment":[{"href":"https:\/\/colmed1.org.ar\/web\/index.php\/wp-json\/wp\/v2\/media?parent=2674"}],"wp:term":[{"taxonomy":"category","embeddable":true,"href":"https:\/\/colmed1.org.ar\/web\/index.php\/wp-json\/wp\/v2\/categories?post=2674"},{"taxonomy":"post_tag","embeddable":true,"href":"https:\/\/colmed1.org.ar\/web\/index.php\/wp-json\/wp\/v2\/tags?post=2674"}],"curies":[{"name":"wp","href":"https:\/\/api.w.org\/{rel}","templated":true}]}}