{"id":2701,"date":"2022-08-01T11:23:42","date_gmt":"2022-08-01T14:23:42","guid":{"rendered":"https:\/\/colmed1.org.ar\/?p=2701"},"modified":"2022-08-01T11:23:44","modified_gmt":"2022-08-01T14:23:44","slug":"clinica-de-rehabilitacion-imar-busca-medicos-2","status":"publish","type":"post","link":"https:\/\/colmed1.org.ar\/web\/index.php\/2022\/08\/01\/clinica-de-rehabilitacion-imar-busca-medicos-2\/","title":{"rendered":"Cl\u00ednica de Rehabilitaci\u00f3n IMAR busca m\u00e9dicos"},"content":{"rendered":"\n<p>El Colegio de M\u00e9dicos de la Provincia de Buenos Aires, Distrito I, informa a sus matriculados que la Cl\u00ednica de Rehabilitaci\u00f3n IMAR incorpora m\u00e9dicos de guardia para UTI&nbsp; pacientes cr\u00f3nicos. Cuenta con m\u00e9dicos especialistas interconsultores.<\/p>\n\n\n\n<p>Interesados contactar por mail&nbsp;<a href=\"mailto:coordmedico@institutoimar.com.ar\" target=\"_blank\" rel=\"noreferrer noopener\">coordmedicouti@institutoimar.com.ar<\/a>&nbsp;para recibir m\u00e1s informaci\u00f3n.<\/p>\n","protected":false},"excerpt":{"rendered":"<p>El Colegio de M\u00e9dicos de la Provincia de Buenos Aires, Distrito I, informa a sus matriculados que la Cl\u00ednica de Rehabilitaci\u00f3n IMAR incorpora m\u00e9dicos de guardia para UTI&nbsp; pacientes cr\u00f3nicos. Cuenta con m\u00e9dicos especialistas interconsultores. Interesados contactar por mail&nbsp;coordmedicouti@institutoimar.com.ar&nbsp;para recibir m\u00e1s informaci\u00f3n.<\/p>\n","protected":false},"author":1,"featured_media":0,"comment_status":"closed","ping_status":"closed","sticky":false,"template":"","format":"standard","meta":{"_et_pb_use_builder":"","_et_pb_old_content":"","_et_gb_content_width":"","inline_featured_image":false,"footnotes":""},"categories":[15],"tags":[],"class_list":["post-2701","post","type-post","status-publish","format-standard","hentry","category-bolsa-de-trabajo"],"_links":{"self":[{"href":"https:\/\/colmed1.org.ar\/web\/index.php\/wp-json\/wp\/v2\/posts\/2701","targetHints":{"allow":["GET"]}}],"collection":[{"href":"https:\/\/colmed1.org.ar\/web\/index.php\/wp-json\/wp\/v2\/posts"}],"about":[{"href":"https:\/\/colmed1.org.ar\/web\/index.php\/wp-json\/wp\/v2\/types\/post"}],"author":[{"embeddable":true,"href":"https:\/\/colmed1.org.ar\/web\/index.php\/wp-json\/wp\/v2\/users\/1"}],"replies":[{"embeddable":true,"href":"https:\/\/colmed1.org.ar\/web\/index.php\/wp-json\/wp\/v2\/comments?post=2701"}],"version-history":[{"count":1,"href":"https:\/\/colmed1.org.ar\/web\/index.php\/wp-json\/wp\/v2\/posts\/2701\/revisions"}],"predecessor-version":[{"id":2702,"href":"https:\/\/colmed1.org.ar\/web\/index.php\/wp-json\/wp\/v2\/posts\/2701\/revisions\/2702"}],"wp:attachment":[{"href":"https:\/\/colmed1.org.ar\/web\/index.php\/wp-json\/wp\/v2\/media?parent=2701"}],"wp:term":[{"taxonomy":"category","embeddable":true,"href":"https:\/\/colmed1.org.ar\/web\/index.php\/wp-json\/wp\/v2\/categories?post=2701"},{"taxonomy":"post_tag","embeddable":true,"href":"https:\/\/colmed1.org.ar\/web\/index.php\/wp-json\/wp\/v2\/tags?post=2701"}],"curies":[{"name":"wp","href":"https:\/\/api.w.org\/{rel}","templated":true}]}}