{"id":2830,"date":"2022-11-07T11:06:32","date_gmt":"2022-11-07T14:06:32","guid":{"rendered":"https:\/\/colmed1.org.ar\/?p=2830"},"modified":"2022-11-07T11:06:33","modified_gmt":"2022-11-07T14:06:33","slug":"la-municipalidad-de-necochea-busca-medicos","status":"publish","type":"post","link":"https:\/\/colmed1.org.ar\/web\/index.php\/2022\/11\/07\/la-municipalidad-de-necochea-busca-medicos\/","title":{"rendered":"La Municipalidad de Necochea busca M\u00e9dicos"},"content":{"rendered":"\n<p>El Colegio de M\u00e9dicos de la Provincia de Buenos Aires, Distrito I, informa a sus matriculados que la municipalidad de Necochea busca profesionales m\u00e9dicos, para cubrir los Servicio de Emergencias M\u00e9dicas de Adultos, como as\u00ed tambi\u00e9n de Cl\u00ednica M\u00e9dica del Hospital Dr. Emilio Ferreyra, para este \u00faltimo se requiere contar con formaci\u00f3n en Cl\u00ednica M\u00e9dica a fin de cubrir Sala de Internaci\u00f3n.&nbsp;<\/p>\n\n\n\n<p>&nbsp;Cargos a cubrir de carrera profesional hospitalaria con una carga horaria de 24 o 36 hs. semanales.<\/p>\n\n\n\n<p>&nbsp;Pago adicional de Guardias Activas y\/o Pasivas.<\/p>\n\n\n\n<p>Bonificaci\u00f3n fija, por el termino de 6 meses, en concepto de desarraigo para profesionales que quieran radicarse en nuestro distrito y residan a m\u00e1s de 300 km.<\/p>\n\n\n\n<p>Para mayor informaci\u00f3n los interesados pueden comunicarse al: 2262-416398 o v\u00eda mail a sriasalud@yahoo.com.ar .<\/p>\n","protected":false},"excerpt":{"rendered":"<p>El Colegio de M\u00e9dicos de la Provincia de Buenos Aires, Distrito I, informa a sus matriculados que la municipalidad de Necochea busca profesionales m\u00e9dicos, para cubrir los Servicio de Emergencias M\u00e9dicas de Adultos, como as\u00ed tambi\u00e9n de Cl\u00ednica M\u00e9dica del Hospital Dr. Emilio Ferreyra, para este \u00faltimo se requiere contar con formaci\u00f3n en Cl\u00ednica M\u00e9dica [&hellip;]<\/p>\n","protected":false},"author":1,"featured_media":0,"comment_status":"closed","ping_status":"closed","sticky":false,"template":"","format":"standard","meta":{"_et_pb_use_builder":"off","_et_pb_old_content":"","_et_gb_content_width":"","inline_featured_image":false,"footnotes":""},"categories":[15],"tags":[],"class_list":["post-2830","post","type-post","status-publish","format-standard","hentry","category-bolsa-de-trabajo"],"_links":{"self":[{"href":"https:\/\/colmed1.org.ar\/web\/index.php\/wp-json\/wp\/v2\/posts\/2830","targetHints":{"allow":["GET"]}}],"collection":[{"href":"https:\/\/colmed1.org.ar\/web\/index.php\/wp-json\/wp\/v2\/posts"}],"about":[{"href":"https:\/\/colmed1.org.ar\/web\/index.php\/wp-json\/wp\/v2\/types\/post"}],"author":[{"embeddable":true,"href":"https:\/\/colmed1.org.ar\/web\/index.php\/wp-json\/wp\/v2\/users\/1"}],"replies":[{"embeddable":true,"href":"https:\/\/colmed1.org.ar\/web\/index.php\/wp-json\/wp\/v2\/comments?post=2830"}],"version-history":[{"count":1,"href":"https:\/\/colmed1.org.ar\/web\/index.php\/wp-json\/wp\/v2\/posts\/2830\/revisions"}],"predecessor-version":[{"id":2831,"href":"https:\/\/colmed1.org.ar\/web\/index.php\/wp-json\/wp\/v2\/posts\/2830\/revisions\/2831"}],"wp:attachment":[{"href":"https:\/\/colmed1.org.ar\/web\/index.php\/wp-json\/wp\/v2\/media?parent=2830"}],"wp:term":[{"taxonomy":"category","embeddable":true,"href":"https:\/\/colmed1.org.ar\/web\/index.php\/wp-json\/wp\/v2\/categories?post=2830"},{"taxonomy":"post_tag","embeddable":true,"href":"https:\/\/colmed1.org.ar\/web\/index.php\/wp-json\/wp\/v2\/tags?post=2830"}],"curies":[{"name":"wp","href":"https:\/\/api.w.org\/{rel}","templated":true}]}}