{"id":2907,"date":"2023-01-25T14:48:05","date_gmt":"2023-01-25T17:48:05","guid":{"rendered":"https:\/\/colmed1.org.ar\/?p=2907"},"modified":"2023-01-25T14:48:30","modified_gmt":"2023-01-25T17:48:30","slug":"la-municipalidad-de-berisso-busca-medicos","status":"publish","type":"post","link":"https:\/\/colmed1.org.ar\/web\/index.php\/2023\/01\/25\/la-municipalidad-de-berisso-busca-medicos\/","title":{"rendered":"\u00a0La Municipalidad de Berisso busca M\u00e9dicos"},"content":{"rendered":"\n<p>El Colegio de M\u00e9dicos de la Provincia de Buenos Aires, Distrito I, informa a sus matriculados que la Municipalidad de Berisso, a trav\u00e9s de la Secretar\u00eda de Salud ,abre la<strong>&nbsp;Convocatoria e inscripci\u00f3n&nbsp;para la contrataci\u00f3n de m\u00e9dicos<\/strong>, con el objeto de realizar<strong>&nbsp;guardias<\/strong> <strong>de 24 hs o dos de 12 hs<\/strong>&nbsp;.en el Sistema de Atenci\u00f3n M\u00e9dica de Emergencia &#8211;&nbsp;<strong>Same Berisso.<\/strong><\/p>\n\n\n\n<p>Son requisitos esenciales&nbsp;&nbsp;<strong>T\u00edtulo Habilitante, Certificado de \u00e9tica extendido por el Colegio de M\u00e9dicos de la Pcia. de Buenos Aires- Distrito 1, DNI, CV.<\/strong>&#8211;<\/p>\n\n\n\n<p>La inscripci\u00f3n ser\u00e1 de car\u00e1cter personal por lo que los interesados deber\u00e1n remitir sus antecedentes al siguiente email:&nbsp;<a href=\"mailto:sameberisso@gmail.com\" target=\"_blank\" rel=\"noreferrer noopener\">sameberisso@gmail.com<\/a>&nbsp;<\/p>\n\n\n\n<p>Ante cualquier duda comunicarse ,al Tel 4645069 interno 249 (Recursos Humanos de Same Berisso de 7 hs a 13 hs&nbsp;<\/p>\n\n\n\n<p>\u00a0\u00a0\u00a0\u00a0\u00a0\u00a0\u00a0\u00a0\u00a0\u00a0\u00a0\u00a0\u00a0\u00a0\u00a0\u00a0\u00a0\u00a0\u00a0\u00a0\u00a0\u00a0\u00a0\u00a0\u00a0\u00a0\u00a0\u00a0\u00a0\u00a0\u00a0\u00a0\u00a0\u00a0\u00a0\u00a0\u00a0\u00a0\u00a0\u00a0\u00a0\u00a0\u00a0\u00a0\u00a0\u00a0\u00a0\u00a0\u00a0\u00a0\u00a0\u00a0\u00a0\u00a0\u00a0\u00a0\u00a0\u00a0\u00a0\u00a0\u00a0\u00a0\u00a0\u00a0\u00a0\u00a0\u00a0\u00a0\u00a0\u00a0                                                                                 \u00a0La Plata, 25\/1\/2023<\/p>\n","protected":false},"excerpt":{"rendered":"<p>El Colegio de M\u00e9dicos de la Provincia de Buenos Aires, Distrito I, informa a sus matriculados que la Municipalidad de Berisso, a trav\u00e9s de la Secretar\u00eda de Salud ,abre la&nbsp;Convocatoria e inscripci\u00f3n&nbsp;para la contrataci\u00f3n de m\u00e9dicos, con el objeto de realizar&nbsp;guardias de 24 hs o dos de 12 hs&nbsp;.en el Sistema de Atenci\u00f3n M\u00e9dica de [&hellip;]<\/p>\n","protected":false},"author":1,"featured_media":0,"comment_status":"closed","ping_status":"closed","sticky":false,"template":"","format":"standard","meta":{"_et_pb_use_builder":"off","_et_pb_old_content":"","_et_gb_content_width":"","inline_featured_image":false,"footnotes":""},"categories":[15,1],"tags":[],"class_list":["post-2907","post","type-post","status-publish","format-standard","hentry","category-bolsa-de-trabajo","category-uncategorized"],"_links":{"self":[{"href":"https:\/\/colmed1.org.ar\/web\/index.php\/wp-json\/wp\/v2\/posts\/2907","targetHints":{"allow":["GET"]}}],"collection":[{"href":"https:\/\/colmed1.org.ar\/web\/index.php\/wp-json\/wp\/v2\/posts"}],"about":[{"href":"https:\/\/colmed1.org.ar\/web\/index.php\/wp-json\/wp\/v2\/types\/post"}],"author":[{"embeddable":true,"href":"https:\/\/colmed1.org.ar\/web\/index.php\/wp-json\/wp\/v2\/users\/1"}],"replies":[{"embeddable":true,"href":"https:\/\/colmed1.org.ar\/web\/index.php\/wp-json\/wp\/v2\/comments?post=2907"}],"version-history":[{"count":1,"href":"https:\/\/colmed1.org.ar\/web\/index.php\/wp-json\/wp\/v2\/posts\/2907\/revisions"}],"predecessor-version":[{"id":2908,"href":"https:\/\/colmed1.org.ar\/web\/index.php\/wp-json\/wp\/v2\/posts\/2907\/revisions\/2908"}],"wp:attachment":[{"href":"https:\/\/colmed1.org.ar\/web\/index.php\/wp-json\/wp\/v2\/media?parent=2907"}],"wp:term":[{"taxonomy":"category","embeddable":true,"href":"https:\/\/colmed1.org.ar\/web\/index.php\/wp-json\/wp\/v2\/categories?post=2907"},{"taxonomy":"post_tag","embeddable":true,"href":"https:\/\/colmed1.org.ar\/web\/index.php\/wp-json\/wp\/v2\/tags?post=2907"}],"curies":[{"name":"wp","href":"https:\/\/api.w.org\/{rel}","templated":true}]}}