{"id":2997,"date":"2023-03-29T09:13:03","date_gmt":"2023-03-29T12:13:03","guid":{"rendered":"https:\/\/colmed1.org.ar\/?p=2997"},"modified":"2023-03-29T09:13:22","modified_gmt":"2023-03-29T12:13:22","slug":"geriatrico-pinel-busca-director-medico","status":"publish","type":"post","link":"https:\/\/colmed1.org.ar\/web\/index.php\/2023\/03\/29\/geriatrico-pinel-busca-director-medico\/","title":{"rendered":"<strong>Geri\u00e1trico Pinel busca Director M\u00e9dico<\/strong>"},"content":{"rendered":"\n<p>El Colegio de M\u00e9dicos de la Provincia de Buenos Aires, Distrito I, informa a sus matriculados que el Geri\u00e1trico Pinel busca Director m\u00e9dico para residencia geri\u00e1trica en zona La Plata.<\/p>\n\n\n\n<p>Preferentemente con especialidad en clinica m\u00e9dica o geriatr\u00eda.<\/p>\n\n\n\n<p>Remuneraci\u00f3n a convenir.<\/p>\n\n\n\n<p>Interesados enviar C.V. a:&nbsp;<a href=\"mailto:geriatricopinelsrl@gmail.com\" target=\"_blank\" rel=\"noreferrer noopener\">geriatricopinelsrl@gmail.com<\/a><\/p>\n","protected":false},"excerpt":{"rendered":"<p>El Colegio de M\u00e9dicos de la Provincia de Buenos Aires, Distrito I, informa a sus matriculados que el Geri\u00e1trico Pinel busca Director m\u00e9dico para residencia geri\u00e1trica en zona La Plata. Preferentemente con especialidad en clinica m\u00e9dica o geriatr\u00eda. Remuneraci\u00f3n a convenir. Interesados enviar C.V. a:&nbsp;geriatricopinelsrl@gmail.com<\/p>\n","protected":false},"author":1,"featured_media":0,"comment_status":"closed","ping_status":"closed","sticky":false,"template":"","format":"standard","meta":{"_et_pb_use_builder":"off","_et_pb_old_content":"","_et_gb_content_width":"","inline_featured_image":false,"footnotes":""},"categories":[15],"tags":[],"class_list":["post-2997","post","type-post","status-publish","format-standard","hentry","category-bolsa-de-trabajo"],"_links":{"self":[{"href":"https:\/\/colmed1.org.ar\/web\/index.php\/wp-json\/wp\/v2\/posts\/2997","targetHints":{"allow":["GET"]}}],"collection":[{"href":"https:\/\/colmed1.org.ar\/web\/index.php\/wp-json\/wp\/v2\/posts"}],"about":[{"href":"https:\/\/colmed1.org.ar\/web\/index.php\/wp-json\/wp\/v2\/types\/post"}],"author":[{"embeddable":true,"href":"https:\/\/colmed1.org.ar\/web\/index.php\/wp-json\/wp\/v2\/users\/1"}],"replies":[{"embeddable":true,"href":"https:\/\/colmed1.org.ar\/web\/index.php\/wp-json\/wp\/v2\/comments?post=2997"}],"version-history":[{"count":1,"href":"https:\/\/colmed1.org.ar\/web\/index.php\/wp-json\/wp\/v2\/posts\/2997\/revisions"}],"predecessor-version":[{"id":2998,"href":"https:\/\/colmed1.org.ar\/web\/index.php\/wp-json\/wp\/v2\/posts\/2997\/revisions\/2998"}],"wp:attachment":[{"href":"https:\/\/colmed1.org.ar\/web\/index.php\/wp-json\/wp\/v2\/media?parent=2997"}],"wp:term":[{"taxonomy":"category","embeddable":true,"href":"https:\/\/colmed1.org.ar\/web\/index.php\/wp-json\/wp\/v2\/categories?post=2997"},{"taxonomy":"post_tag","embeddable":true,"href":"https:\/\/colmed1.org.ar\/web\/index.php\/wp-json\/wp\/v2\/tags?post=2997"}],"curies":[{"name":"wp","href":"https:\/\/api.w.org\/{rel}","templated":true}]}}