{"id":3017,"date":"2023-04-13T08:21:06","date_gmt":"2023-04-13T11:21:06","guid":{"rendered":"https:\/\/colmed1.org.ar\/?p=3017"},"modified":"2023-04-13T08:21:26","modified_gmt":"2023-04-13T11:21:26","slug":"imar-instituto-medico-argentino-de-rehabilitacion-busca-medicos","status":"publish","type":"post","link":"https:\/\/colmed1.org.ar\/web\/index.php\/2023\/04\/13\/imar-instituto-medico-argentino-de-rehabilitacion-busca-medicos\/","title":{"rendered":"IMAR &#8211; Instituto Medico Argentino de Rehabilitaci\u00f3n busca M\u00e9dicos"},"content":{"rendered":"\n<p>El Colegio de M\u00e9dicos de la Provincia de Buenos Aires, Distrito I, informa que IMAR &#8211; Instituto Medico Argentino de Rehabilitaci\u00f3n busca Profesionales de la Salud.<br>Se necesitan:<br><br><\/p>\n\n\n\n<p><strong>&#8211; Coordinador M\u00e9dico de Piso:<\/strong><br>Con experiencia en sala de piso de cl\u00ednica m\u00e9dica o unidad cerrada<br>Requisitos<br>\u2022 Matricula Provincial<br>\u2022 Lugar de trabajo: La Plata<br>\u2022 Horario: a convenir (20hs semanales)<br>\u2022 Comedor en la Instituci\u00f3n<\/p>\n\n\n\n<p>Enviar CV a&nbsp;<a href=\"mailto:rrhh@institutoimar.com.ar\" target=\"_blank\" rel=\"noreferrer noopener\">rrhh@institutoimar.com.ar<\/a>&nbsp;indicando en asunto&nbsp;<strong>\u201cCoordinador M\u00e9dico\u201d<\/strong><\/p>\n\n\n\n<p><strong>&#8211; M\u00e9dico de Guardia<\/strong><\/p>\n\n\n\n<p>\u2022 Matricula Provincial<br>\u2022 Lugar de trabajo: La Plata<br>\u2022 Horario: Guardias de 12 \/ 24 hrs.<\/p>\n\n\n\n<p>\u2022 Comedor en la Instituci\u00f3n<\/p>\n\n\n\n<p>\u2022 Experiencia en sala de baja y mediana complejidad.<\/p>\n\n\n\n<p>Enviar CV a&nbsp;<a href=\"mailto:rrhh@institutoimar.com.ar\" target=\"_blank\" rel=\"noreferrer noopener\">rrhh@institutoimar.com.ar<\/a>&nbsp;indicando en asunto&nbsp;<strong>\u201cM\u00e9dico de Guardia\u201d<\/strong><\/p>\n\n\n\n<p>IMAR &#8211; Instituto Medico Argentino de Rehabilitaci\u00f3n<\/p>\n\n\n\n<p>Calle 42 Nro 381 entre 2 y 3, La Plata.-<\/p>\n\n\n\n<p>Tel:&nbsp; (+54) 221- 4221129 \/ 4277135 \/ 4835393<\/p>\n","protected":false},"excerpt":{"rendered":"<p>El Colegio de M\u00e9dicos de la Provincia de Buenos Aires, Distrito I, informa que IMAR &#8211; Instituto Medico Argentino de Rehabilitaci\u00f3n busca Profesionales de la Salud.Se necesitan: &#8211; Coordinador M\u00e9dico de Piso:Con experiencia en sala de piso de cl\u00ednica m\u00e9dica o unidad cerradaRequisitos\u2022 Matricula Provincial\u2022 Lugar de trabajo: La Plata\u2022 Horario: a convenir (20hs semanales)\u2022 [&hellip;]<\/p>\n","protected":false},"author":1,"featured_media":0,"comment_status":"closed","ping_status":"closed","sticky":false,"template":"","format":"standard","meta":{"_et_pb_use_builder":"off","_et_pb_old_content":"","_et_gb_content_width":"","inline_featured_image":false,"footnotes":""},"categories":[15],"tags":[],"class_list":["post-3017","post","type-post","status-publish","format-standard","hentry","category-bolsa-de-trabajo"],"_links":{"self":[{"href":"https:\/\/colmed1.org.ar\/web\/index.php\/wp-json\/wp\/v2\/posts\/3017","targetHints":{"allow":["GET"]}}],"collection":[{"href":"https:\/\/colmed1.org.ar\/web\/index.php\/wp-json\/wp\/v2\/posts"}],"about":[{"href":"https:\/\/colmed1.org.ar\/web\/index.php\/wp-json\/wp\/v2\/types\/post"}],"author":[{"embeddable":true,"href":"https:\/\/colmed1.org.ar\/web\/index.php\/wp-json\/wp\/v2\/users\/1"}],"replies":[{"embeddable":true,"href":"https:\/\/colmed1.org.ar\/web\/index.php\/wp-json\/wp\/v2\/comments?post=3017"}],"version-history":[{"count":1,"href":"https:\/\/colmed1.org.ar\/web\/index.php\/wp-json\/wp\/v2\/posts\/3017\/revisions"}],"predecessor-version":[{"id":3018,"href":"https:\/\/colmed1.org.ar\/web\/index.php\/wp-json\/wp\/v2\/posts\/3017\/revisions\/3018"}],"wp:attachment":[{"href":"https:\/\/colmed1.org.ar\/web\/index.php\/wp-json\/wp\/v2\/media?parent=3017"}],"wp:term":[{"taxonomy":"category","embeddable":true,"href":"https:\/\/colmed1.org.ar\/web\/index.php\/wp-json\/wp\/v2\/categories?post=3017"},{"taxonomy":"post_tag","embeddable":true,"href":"https:\/\/colmed1.org.ar\/web\/index.php\/wp-json\/wp\/v2\/tags?post=3017"}],"curies":[{"name":"wp","href":"https:\/\/api.w.org\/{rel}","templated":true}]}}