{"id":3089,"date":"2023-06-01T09:50:30","date_gmt":"2023-06-01T12:50:30","guid":{"rendered":"https:\/\/colmed1.org.ar\/?p=3089"},"modified":"2023-06-01T09:51:24","modified_gmt":"2023-06-01T12:51:24","slug":"el-instituto-medico-argentino-de-rehabilitacion-incorpora-personal","status":"publish","type":"post","link":"https:\/\/colmed1.org.ar\/web\/index.php\/2023\/06\/01\/el-instituto-medico-argentino-de-rehabilitacion-incorpora-personal\/","title":{"rendered":"El Instituto M\u00e9dico Argentino de Rehabilitaci\u00f3n incorpora personal"},"content":{"rendered":"\n<p>El Instituto M\u00e9dico Argentino de Rehabilitaci\u00f3n informa que va a incorporar profesionales en su sede de La Plata.<\/p>\n\n\n\n<p><strong>Selecci\u00f3n y requisitos<\/strong><\/p>\n\n\n\n<p>&#8211; M\u00e9dico para Guardia de Piso<\/p>\n\n\n\n<p>\u2022 Matricula Provincial<\/p>\n\n\n\n<p>\u2022 Lugar de trabajo: La Plata<\/p>\n\n\n\n<p>\u2022 Horario: Guardias de 12 \/ 24 hrs.<\/p>\n\n\n\n<p>&nbsp;&#8211; M\u00e9dico de Infect\u00f3logo<\/p>\n\n\n\n<p>\u2022 Matr\u00edcula Provincial.<\/p>\n\n\n\n<p>\u2022 Lugar de trabajo: La Plata.<\/p>\n\n\n\n<p>\u2022 Carga horaria a convenir.<\/p>\n\n\n\n<p>Esperamos su CV: rrhh@institutoimar.com.ar indicando en asunto<\/p>\n\n\n\n<p>&#8211;&nbsp;&nbsp;&nbsp; &nbsp;\u201cM\u00e9dico de Guardia\u201d<\/p>\n\n\n\n<p>&#8211;&nbsp;&nbsp;&nbsp;&nbsp; \u201cM\u00e9dico Infect\u00f3logo\u201d<\/p>\n\n\n\n<p>&nbsp;IMAR &#8211; Instituto Medico Argentino de Rehabilitaci\u00f3n<\/p>\n\n\n\n<p>&#8211;&nbsp;&nbsp;&nbsp;&nbsp;&nbsp;&nbsp; Direcci\u00f3n: Calle 42 nro 381 (entre 2 y 3) La Plata<\/p>\n\n\n\n<p>&#8211;&nbsp;&nbsp;&nbsp;&nbsp;&nbsp;&nbsp; Tel.: 221- 4221129 \/ 4277135 \/ 4835393 &#8211; Interno 2005<\/p>\n\n\n\n<p>&#8211;&nbsp;&nbsp;&nbsp;&nbsp;&nbsp;&nbsp; Horario de contacto: de Lun. a Vie. de 10.00 a 17.00 hrs<\/p>\n","protected":false},"excerpt":{"rendered":"<p>El Instituto M\u00e9dico Argentino de Rehabilitaci\u00f3n informa que va a incorporar profesionales en su sede de La Plata. Selecci\u00f3n y requisitos &#8211; M\u00e9dico para Guardia de Piso \u2022 Matricula Provincial \u2022 Lugar de trabajo: La Plata \u2022 Horario: Guardias de 12 \/ 24 hrs. &nbsp;&#8211; M\u00e9dico de Infect\u00f3logo \u2022 Matr\u00edcula Provincial. \u2022 Lugar de trabajo: [&hellip;]<\/p>\n","protected":false},"author":1,"featured_media":0,"comment_status":"closed","ping_status":"closed","sticky":false,"template":"","format":"standard","meta":{"_et_pb_use_builder":"off","_et_pb_old_content":"","_et_gb_content_width":"","inline_featured_image":false,"footnotes":""},"categories":[15,12],"tags":[],"class_list":["post-3089","post","type-post","status-publish","format-standard","hentry","category-bolsa-de-trabajo","category-secunadaria"],"_links":{"self":[{"href":"https:\/\/colmed1.org.ar\/web\/index.php\/wp-json\/wp\/v2\/posts\/3089","targetHints":{"allow":["GET"]}}],"collection":[{"href":"https:\/\/colmed1.org.ar\/web\/index.php\/wp-json\/wp\/v2\/posts"}],"about":[{"href":"https:\/\/colmed1.org.ar\/web\/index.php\/wp-json\/wp\/v2\/types\/post"}],"author":[{"embeddable":true,"href":"https:\/\/colmed1.org.ar\/web\/index.php\/wp-json\/wp\/v2\/users\/1"}],"replies":[{"embeddable":true,"href":"https:\/\/colmed1.org.ar\/web\/index.php\/wp-json\/wp\/v2\/comments?post=3089"}],"version-history":[{"count":1,"href":"https:\/\/colmed1.org.ar\/web\/index.php\/wp-json\/wp\/v2\/posts\/3089\/revisions"}],"predecessor-version":[{"id":3090,"href":"https:\/\/colmed1.org.ar\/web\/index.php\/wp-json\/wp\/v2\/posts\/3089\/revisions\/3090"}],"wp:attachment":[{"href":"https:\/\/colmed1.org.ar\/web\/index.php\/wp-json\/wp\/v2\/media?parent=3089"}],"wp:term":[{"taxonomy":"category","embeddable":true,"href":"https:\/\/colmed1.org.ar\/web\/index.php\/wp-json\/wp\/v2\/categories?post=3089"},{"taxonomy":"post_tag","embeddable":true,"href":"https:\/\/colmed1.org.ar\/web\/index.php\/wp-json\/wp\/v2\/tags?post=3089"}],"curies":[{"name":"wp","href":"https:\/\/api.w.org\/{rel}","templated":true}]}}