{"id":3296,"date":"2023-08-28T11:47:32","date_gmt":"2023-08-28T14:47:32","guid":{"rendered":"https:\/\/colmed1.org.ar\/?p=3296"},"modified":"2023-08-28T11:48:02","modified_gmt":"2023-08-28T14:48:02","slug":"hospital-zonal-de-agudos-dr-ricardo-gutierrez-busca-medicos","status":"publish","type":"post","link":"https:\/\/colmed1.org.ar\/web\/index.php\/2023\/08\/28\/hospital-zonal-de-agudos-dr-ricardo-gutierrez-busca-medicos\/","title":{"rendered":"Hospital Zonal de Agudos Dr.\u00a0Ricardo Guti\u00e9rrez  busca M\u00e9dicos"},"content":{"rendered":"\n<p>El Hospital<strong>\u00a0<\/strong>Zonal de Agudos<strong>\u00a0<\/strong>Dr<strong>.\u00a0<\/strong>Ricardo Guti\u00e9rrez de La Plata busca M\u00e9dicos para cubrir tres cargos.<\/p>\n\n\n\n<p>M\u00e9dico de guardia de 36 hs. semanales.<\/p>\n\n\n\n<p>Comunicarse con: Dr. Pablo Caro (tel. 221-5437468) y Dr. Sergio Cabrera (tel. 221-4005558)<\/p>\n","protected":false},"excerpt":{"rendered":"<p>El Hospital\u00a0Zonal de Agudos\u00a0Dr.\u00a0Ricardo Guti\u00e9rrez de La Plata busca M\u00e9dicos para cubrir tres cargos. M\u00e9dico de guardia de 36 hs. semanales. Comunicarse con: Dr. Pablo Caro (tel. 221-5437468) y Dr. Sergio Cabrera (tel. 221-4005558)<\/p>\n","protected":false},"author":1,"featured_media":0,"comment_status":"closed","ping_status":"closed","sticky":false,"template":"","format":"standard","meta":{"_et_pb_use_builder":"off","_et_pb_old_content":"","_et_gb_content_width":"","inline_featured_image":false,"footnotes":""},"categories":[15],"tags":[],"class_list":["post-3296","post","type-post","status-publish","format-standard","hentry","category-bolsa-de-trabajo"],"_links":{"self":[{"href":"https:\/\/colmed1.org.ar\/web\/index.php\/wp-json\/wp\/v2\/posts\/3296","targetHints":{"allow":["GET"]}}],"collection":[{"href":"https:\/\/colmed1.org.ar\/web\/index.php\/wp-json\/wp\/v2\/posts"}],"about":[{"href":"https:\/\/colmed1.org.ar\/web\/index.php\/wp-json\/wp\/v2\/types\/post"}],"author":[{"embeddable":true,"href":"https:\/\/colmed1.org.ar\/web\/index.php\/wp-json\/wp\/v2\/users\/1"}],"replies":[{"embeddable":true,"href":"https:\/\/colmed1.org.ar\/web\/index.php\/wp-json\/wp\/v2\/comments?post=3296"}],"version-history":[{"count":1,"href":"https:\/\/colmed1.org.ar\/web\/index.php\/wp-json\/wp\/v2\/posts\/3296\/revisions"}],"predecessor-version":[{"id":3297,"href":"https:\/\/colmed1.org.ar\/web\/index.php\/wp-json\/wp\/v2\/posts\/3296\/revisions\/3297"}],"wp:attachment":[{"href":"https:\/\/colmed1.org.ar\/web\/index.php\/wp-json\/wp\/v2\/media?parent=3296"}],"wp:term":[{"taxonomy":"category","embeddable":true,"href":"https:\/\/colmed1.org.ar\/web\/index.php\/wp-json\/wp\/v2\/categories?post=3296"},{"taxonomy":"post_tag","embeddable":true,"href":"https:\/\/colmed1.org.ar\/web\/index.php\/wp-json\/wp\/v2\/tags?post=3296"}],"curies":[{"name":"wp","href":"https:\/\/api.w.org\/{rel}","templated":true}]}}