{"id":3884,"date":"2024-07-22T17:02:22","date_gmt":"2024-07-22T20:02:22","guid":{"rendered":"https:\/\/colmed1.org.ar\/web\/?p=3884"},"modified":"2024-07-30T08:37:09","modified_gmt":"2024-07-30T11:37:09","slug":"curso-via-aerea-mitos-verdades-y-secretos","status":"publish","type":"post","link":"https:\/\/colmed1.org.ar\/web\/index.php\/2024\/07\/22\/curso-via-aerea-mitos-verdades-y-secretos\/","title":{"rendered":"Curso \u201cV\u00cdA A\u00c9REA: Mitos, verdades y secretos\u201d"},"content":{"rendered":"\n[et_pb_section][et_pb_row][et_pb_column type=\u00bb4_4&#8243;][et_pb_text]<!-- divi:paragraph -->\n<p>El Colegio de M\u00e9dicos Distrito I invita a profesionales de la salud y estudiantes de medicina y enfermer\u00eda de \u00faltimo a\u00f1o a participar del Curso \u201cV\u00cdA A\u00c9REA Mitos, verdades y secretos\u201d, que se llevar\u00e1 a cabo el pr\u00f3ximo 2 de agosto,  de 9 a 17 hs. En Inspire Simulaci\u00f3n Femeba CALLE 54 920 &#8211; LA PLATA.<\/p>\n<!-- \/divi:paragraph -->\n\n<!-- divi:paragraph -->\n<p><strong>EQUIPO DOCENTE<\/strong><\/p>\n<!-- \/divi:paragraph -->\n\n<!-- divi:paragraph -->\n<p>Magdalena Aprea<\/p>\n<!-- \/divi:paragraph -->\n\n<!-- divi:paragraph -->\n<p>Especialista en Medicina de Emergencia &#8211; SAE<\/p>\n<!-- \/divi:paragraph -->\n\n<!-- divi:paragraph -->\n<p>Jorge Orellana<\/p>\n<!-- \/divi:paragraph -->\n\n<!-- divi:paragraph -->\n<p>Especialista Jerarquizado en Emergentolog\u00eda<\/p>\n<!-- \/divi:paragraph -->\n\n<!-- divi:paragraph -->\n<p>Rodrigo Gast\u00f3n Giribaldi<\/p>\n<!-- \/divi:paragraph -->\n\n<!-- divi:paragraph -->\n<p>Kinesiolog\u00eda Respiratorio en Cuidados Cr\u00edticos y del Paciente Ambulatorio.<\/p>\n<!-- \/divi:paragraph -->\n\n<!-- divi:paragraph -->\n<p>Para mayor informaci\u00f3n: +54 9 221 437-8755, mail:hola@inspirefemeba.com.ar<\/p>\n<!-- \/divi:paragraph -->\n\n<!-- divi:embed-pdf-viewer\/pdf {\"id\":3885,\"title\":\"V\u00cdA A\u00c9REA MITOS Y VERDADES  INSPIRE feed\",\"description\":{\"raw\":\"\",\"rendered\":\"\\u003cp class=\\u0022attachment\\u0022\\u003e\\u003ca href='https:\/\/colmed1.org.ar\/web\/wp-content\/uploads\/2024\/07\/VIA-AEREA-MITOS-Y-VERDADES-INSPIRE-feed.pdf'\\u003eV\u00cdA A\u00c9REA MITOS Y VERDADES  INSPIRE feed\\u003c\/a\\u003e\\u003c\/p\\u003e\\n\"},\"url\":\"https:\/\/colmed1.org.ar\/web\/wp-content\/uploads\/2024\/07\/VIA-AEREA-MITOS-Y-VERDADES-INSPIRE-feed.pdf\"} -->\n<figure class=\"wp-block-embed-pdf-viewer-pdf wp-block-embed-pdf-viewer-pdf__content-wrapper aligncenter\"><object class=\"embed-pdf-viewer\" data=\"https:\/\/colmed1.org.ar\/web\/wp-content\/uploads\/2024\/07\/VIA-AEREA-MITOS-Y-VERDADES-INSPIRE-feed.pdf#scrollbar=1&amp;toolbar=1\" type=\"application\/pdf\" height=\"600\" width=\"600\"><\/object><iframe loading=\"lazy\" class=\"embed-pdf-viewer\" src=\"https:\/\/docs.google.com\/viewer?url=https%3A%2F%2Fcolmed1.org.ar%2Fweb%2Fwp-content%2Fuploads%2F2024%2F07%2FVIA-AEREA-MITOS-Y-VERDADES-INSPIRE-feed.pdf&amp;embedded=true\" frameborder=\"0\" height=\"600\" width=\"600\"><\/iframe><\/figure>\n<!-- \/divi:embed-pdf-viewer\/pdf -->[\/et_pb_text][\/et_pb_column][\/et_pb_row][\/et_pb_section]\n","protected":false},"excerpt":{"rendered":"<p><div class=\"et_pb_section et_pb_section_0 et_section_regular\" >\n\t\t\t\t\n\t\t\t\t\n\t\t\t\t\n\t\t\t\t\n\t\t\t\t\n\t\t\t\t\n\t\t\t\t\n\t\t\t\t\n\t\t\t\t\n\t\t\t<\/div><div class=\"et_pb_row et_pb_row_0 et_pb_row_empty\">\n\t\t\t\t\n\t\t\t\t\n\t\t\t\t\n\t\t\t\t\n\t\t\t\t\n\t\t\t<\/div><div class=\"et_pb_module et_pb_text et_pb_text_0  et_pb_text_align_left et_pb_bg_layout_light\">\n\t\t\t\t\n\t\t\t\t\n\t\t\t\t\n\t\t\t\t\n\t\t\t\t\n\t\t\t<\/div> El Colegio de M\u00e9dicos Distrito I invita a profesionales de la salud y estudiantes de medicina y enfermer\u00eda de \u00faltimo a\u00f1o a participar del Curso \u201cV\u00cdA A\u00c9REA Mitos, verdades y secretos\u201d, que se llevar\u00e1 a cabo el pr\u00f3ximo 2 de agosto, de 9 a 17 hs. En Inspire Simulaci\u00f3n Femeba CALLE 54 920 &#8211; [&hellip;]<\/p>\n","protected":false},"author":5,"featured_media":0,"comment_status":"closed","ping_status":"closed","sticky":false,"template":"","format":"standard","meta":{"_et_pb_use_builder":"on","_et_pb_old_content":"<!-- wp:paragraph -->\n<p>El Colegio de M\u00e9dicos Distrito I invita a profesionales de la salud y estudiantes de medicina y enfermer\u00eda de \u00faltimo a\u00f1o a participar del Curso \u201cV\u00cdA A\u00c9REA Mitos, verdades y secretos\u201d, que se llevar\u00e1 a cabo el pr\u00f3ximo 2 de agosto,  de 9 a 17 hs. En Inspire Simulaci\u00f3n Femeba CALLE 54 920 - LA PLATA.<\/p>\n<!-- \/wp:paragraph -->\n\n<!-- wp:paragraph -->\n<p><strong>EQUIPO DOCENTE<\/strong><\/p>\n<!-- \/wp:paragraph -->\n\n<!-- wp:paragraph -->\n<p>Magdalena Aprea<\/p>\n<!-- \/wp:paragraph -->\n\n<!-- wp:paragraph -->\n<p>Especialista en Medicina de Emergencia - SAE<\/p>\n<!-- \/wp:paragraph -->\n\n<!-- wp:paragraph -->\n<p>Jorge Orellana<\/p>\n<!-- \/wp:paragraph -->\n\n<!-- wp:paragraph -->\n<p>Especialista Jerarquizado en Emergentolog\u00eda<\/p>\n<!-- \/wp:paragraph -->\n\n<!-- wp:paragraph -->\n<p>Rodrigo Gast\u00f3n Giribaldi<\/p>\n<!-- \/wp:paragraph -->\n\n<!-- wp:paragraph -->\n<p>Kinesiolog\u00eda Respiratorio en Cuidados Cr\u00edticos y del Paciente Ambulatorio.<\/p>\n<!-- \/wp:paragraph -->\n\n<!-- wp:paragraph -->\n<p>Para mayor informaci\u00f3n: +54 9 221 437-8755, mail:hola@inspirefemeba.com.ar<\/p>\n<!-- \/wp:paragraph -->\n\n<!-- wp:embed-pdf-viewer\/pdf {\"id\":3885,\"title\":\"V\u00cdA A\u00c9REA MITOS Y VERDADES  INSPIRE feed\",\"description\":{\"raw\":\"\",\"rendered\":\"\\u003cp class=\\u0022attachment\\u0022\\u003e\\u003ca href='https:\/\/colmed1.org.ar\/web\/wp-content\/uploads\/2024\/07\/VIA-AEREA-MITOS-Y-VERDADES-INSPIRE-feed.pdf'\\u003eV\u00cdA A\u00c9REA MITOS Y VERDADES  INSPIRE feed\\u003c\/a\\u003e\\u003c\/p\\u003e\\n\"},\"url\":\"https:\/\/colmed1.org.ar\/web\/wp-content\/uploads\/2024\/07\/VIA-AEREA-MITOS-Y-VERDADES-INSPIRE-feed.pdf\"} -->\n<figure class=\"wp-block-embed-pdf-viewer-pdf wp-block-embed-pdf-viewer-pdf__content-wrapper aligncenter\"><object class=\"embed-pdf-viewer\" data=\"https:\/\/colmed1.org.ar\/web\/wp-content\/uploads\/2024\/07\/VIA-AEREA-MITOS-Y-VERDADES-INSPIRE-feed.pdf#scrollbar=1&amp;toolbar=1\" type=\"application\/pdf\" height=\"600\" width=\"600\"><\/object><iframe class=\"embed-pdf-viewer\" src=\"https:\/\/docs.google.com\/viewer?url=https%3A%2F%2Fcolmed1.org.ar%2Fweb%2Fwp-content%2Fuploads%2F2024%2F07%2FVIA-AEREA-MITOS-Y-VERDADES-INSPIRE-feed.pdf&amp;embedded=true\" frameborder=\"0\" height=\"600\" width=\"600\"><\/iframe><\/figure>\n<!-- \/wp:embed-pdf-viewer\/pdf -->","_et_gb_content_width":"","inline_featured_image":false,"footnotes":""},"categories":[14,10],"tags":[],"class_list":["post-3884","post","type-post","status-publish","format-standard","hentry","category-noticias","category-principal"],"_links":{"self":[{"href":"https:\/\/colmed1.org.ar\/web\/index.php\/wp-json\/wp\/v2\/posts\/3884","targetHints":{"allow":["GET"]}}],"collection":[{"href":"https:\/\/colmed1.org.ar\/web\/index.php\/wp-json\/wp\/v2\/posts"}],"about":[{"href":"https:\/\/colmed1.org.ar\/web\/index.php\/wp-json\/wp\/v2\/types\/post"}],"author":[{"embeddable":true,"href":"https:\/\/colmed1.org.ar\/web\/index.php\/wp-json\/wp\/v2\/users\/5"}],"replies":[{"embeddable":true,"href":"https:\/\/colmed1.org.ar\/web\/index.php\/wp-json\/wp\/v2\/comments?post=3884"}],"version-history":[{"count":2,"href":"https:\/\/colmed1.org.ar\/web\/index.php\/wp-json\/wp\/v2\/posts\/3884\/revisions"}],"predecessor-version":[{"id":3912,"href":"https:\/\/colmed1.org.ar\/web\/index.php\/wp-json\/wp\/v2\/posts\/3884\/revisions\/3912"}],"wp:attachment":[{"href":"https:\/\/colmed1.org.ar\/web\/index.php\/wp-json\/wp\/v2\/media?parent=3884"}],"wp:term":[{"taxonomy":"category","embeddable":true,"href":"https:\/\/colmed1.org.ar\/web\/index.php\/wp-json\/wp\/v2\/categories?post=3884"},{"taxonomy":"post_tag","embeddable":true,"href":"https:\/\/colmed1.org.ar\/web\/index.php\/wp-json\/wp\/v2\/tags?post=3884"}],"curies":[{"name":"wp","href":"https:\/\/api.w.org\/{rel}","templated":true}]}}