{"id":3954,"date":"2024-08-27T15:06:10","date_gmt":"2024-08-27T18:06:10","guid":{"rendered":"https:\/\/colmed1.org.ar\/web\/?p=3954"},"modified":"2024-08-27T15:06:11","modified_gmt":"2024-08-27T18:06:11","slug":"comienza-el-xxv-congreso-argentino-de-dermatologia-en-la-ciudad-de-la-plata","status":"publish","type":"post","link":"https:\/\/colmed1.org.ar\/web\/index.php\/2024\/08\/27\/comienza-el-xxv-congreso-argentino-de-dermatologia-en-la-ciudad-de-la-plata\/","title":{"rendered":"Comienza el XXV Congreso Argentino de Dermatolog\u00eda en la ciudad de La Plata"},"content":{"rendered":"\n<p>Entre el 28 y el 31 de agosto, en el Teatro Argentino de la ciudad de La Plata, se llevar\u00e1 a cabo el XXV Congreso Argentino de Dermatolog\u00eda, considerado el evento m\u00e1s importante del pa\u00eds dentro de la especialidad m\u00e9dica.\u00a0<\/p>\n\n\n\n<figure class=\"wp-block-image size-full\"><img loading=\"lazy\" decoding=\"async\" width=\"500\" height=\"324\" src=\"https:\/\/colmed1.org.ar\/web\/wp-content\/uploads\/2024\/08\/CongresoSAD2024-1.png\" alt=\"\" class=\"wp-image-3956\" srcset=\"https:\/\/colmed1.org.ar\/web\/wp-content\/uploads\/2024\/08\/CongresoSAD2024-1.png 500w, https:\/\/colmed1.org.ar\/web\/wp-content\/uploads\/2024\/08\/CongresoSAD2024-1-480x311.png 480w\" sizes=\"(min-width: 0px) and (max-width: 480px) 480px, (min-width: 481px) 500px, 100vw\" \/><\/figure>\n\n\n\n<p>As\u00ed, tras 46 a\u00f1os, la capital de la provincia de Buenos Aires, vuelve a ser sede de esta jornada que se desarrollar\u00e1 en paralelo al Segundo Congreso de Psoriasis y al 1\u00b0 Congreso Argentino de Dermatitis At\u00f3pica.<\/p>\n\n\n\n<p>Con una participaci\u00f3n estimada de 3000 dermat\u00f3logos de todos los puntos del pa\u00eds e invitados internacionales, el congreso se presenta con un nutrido y variado programa cient\u00edfico, que aborda todas las tem\u00e1ticas de inter\u00e9s actuales de la dermatolog\u00eda, ofreciendo espacios para el intercambio de saberes y experiencias.&nbsp;<\/p>\n\n\n\n<p>Seg\u00fan confiaron desde la organizaci\u00f3n, \u201ces un honor para nosotros que la Sociedad Argentina de Dermatolog\u00eda haya confiado en nosotros para la realizaci\u00f3n de este evento, ya que despu\u00e9s de 46 a\u00f1os, nuestra ciudad se vestir\u00e1 de gala para recibir a nuestros colegas\u201d.<\/p>\n\n\n\n<p>Asimismo, el Congreso contempla charlas actividades art\u00edsticas en el marco de una Agenda Social y Cultural, y una charla abierta a la comunidad para brindar respuestas a preguntas frecuentes sobre el cuidado de la piel, la importancia de la nutrici\u00f3n y la est\u00e9tica en los tratamientos oncol\u00f3gicos.&nbsp;<\/p>\n\n\n\n<p><a href=\"https:\/\/drive.google.com\/file\/d\/1hxWWbeBAIny9lwMFLigxaKNtMX61AKPF\/view?usp=sharing\">ACCEDER AL PROGRAMA (CLICK)<\/a><\/p>\n","protected":false},"excerpt":{"rendered":"<p>Entre el 28 y el 31 de agosto, en el Teatro Argentino de la ciudad de La Plata, se llevar\u00e1 a cabo el XXV Congreso Argentino de Dermatolog\u00eda, considerado el evento m\u00e1s importante del pa\u00eds dentro de la especialidad m\u00e9dica.\u00a0 As\u00ed, tras 46 a\u00f1os, la capital de la provincia de Buenos Aires, vuelve a ser [&hellip;]<\/p>\n","protected":false},"author":5,"featured_media":3955,"comment_status":"closed","ping_status":"closed","sticky":false,"template":"","format":"standard","meta":{"_et_pb_use_builder":"off","_et_pb_old_content":"","_et_gb_content_width":"","inline_featured_image":false,"footnotes":""},"categories":[10,12],"tags":[],"class_list":["post-3954","post","type-post","status-publish","format-standard","has-post-thumbnail","hentry","category-principal","category-secunadaria"],"_links":{"self":[{"href":"https:\/\/colmed1.org.ar\/web\/index.php\/wp-json\/wp\/v2\/posts\/3954","targetHints":{"allow":["GET"]}}],"collection":[{"href":"https:\/\/colmed1.org.ar\/web\/index.php\/wp-json\/wp\/v2\/posts"}],"about":[{"href":"https:\/\/colmed1.org.ar\/web\/index.php\/wp-json\/wp\/v2\/types\/post"}],"author":[{"embeddable":true,"href":"https:\/\/colmed1.org.ar\/web\/index.php\/wp-json\/wp\/v2\/users\/5"}],"replies":[{"embeddable":true,"href":"https:\/\/colmed1.org.ar\/web\/index.php\/wp-json\/wp\/v2\/comments?post=3954"}],"version-history":[{"count":2,"href":"https:\/\/colmed1.org.ar\/web\/index.php\/wp-json\/wp\/v2\/posts\/3954\/revisions"}],"predecessor-version":[{"id":3958,"href":"https:\/\/colmed1.org.ar\/web\/index.php\/wp-json\/wp\/v2\/posts\/3954\/revisions\/3958"}],"wp:featuredmedia":[{"embeddable":true,"href":"https:\/\/colmed1.org.ar\/web\/index.php\/wp-json\/wp\/v2\/media\/3955"}],"wp:attachment":[{"href":"https:\/\/colmed1.org.ar\/web\/index.php\/wp-json\/wp\/v2\/media?parent=3954"}],"wp:term":[{"taxonomy":"category","embeddable":true,"href":"https:\/\/colmed1.org.ar\/web\/index.php\/wp-json\/wp\/v2\/categories?post=3954"},{"taxonomy":"post_tag","embeddable":true,"href":"https:\/\/colmed1.org.ar\/web\/index.php\/wp-json\/wp\/v2\/tags?post=3954"}],"curies":[{"name":"wp","href":"https:\/\/api.w.org\/{rel}","templated":true}]}}