{"id":4060,"date":"2024-10-29T15:18:34","date_gmt":"2024-10-29T18:18:34","guid":{"rendered":"https:\/\/colmed1.org.ar\/web\/?p=4060"},"modified":"2024-10-29T15:18:35","modified_gmt":"2024-10-29T18:18:35","slug":"convocatoria-para-publicar-trabajos-cientificos-en-la-revista-de-ambo","status":"publish","type":"post","link":"https:\/\/colmed1.org.ar\/web\/index.php\/2024\/10\/29\/convocatoria-para-publicar-trabajos-cientificos-en-la-revista-de-ambo\/","title":{"rendered":"Convocatoria para publicar trabajos cient\u00edficos en la revista \u00abDe Ambo\u00bb"},"content":{"rendered":"\n<p>El Distrito I del Colegio de M\u00e9dicos de la Provincia de Buenos Aires convoca a sus matriculados a la presentaci\u00f3n de trabajos de corte cient\u00edfico e investigaci\u00f3n, o presentaciones vinculadas a la experiencia profesional, para su publicaci\u00f3n en la revista digital, \u201cDe Ambo\u201d.<\/p>\n\n\n\n<p>Para esto, se solicita que los documentos sean presentados preferentemente a trav\u00e9s de una hoja de \u201cDocumentos\u201d de Google, o en formato Word, a la siguiente casilla de E-Mail: <a href=\"mailto:colegiodemedicoslp@gmail.com\">colegiodemedicoslp@gmail.com<\/a><\/p>\n\n\n\n<p>Asimismo, para la correspondiente publicaci\u00f3n, se requiere de una breve s\u00edntesis del trabajo, de no m\u00e1s de 200 palabras, a modo introductorio.<\/p>\n\n\n\n<p>La fecha l\u00edmite de presentaci\u00f3n de los mismos ser\u00e1 hasta el 20 de noviembre.<\/p>\n\n\n\n<p>Por \u00faltimo, se solicita un contacto telef\u00f3nico para la eventual consulta de parte del \u00e1rea de Comunicaci\u00f3n.<\/p>\n\n\n\n<figure class=\"wp-block-image size-full\"><img loading=\"lazy\" decoding=\"async\" width=\"359\" height=\"509\" src=\"https:\/\/colmed1.org.ar\/web\/wp-content\/uploads\/2024\/10\/de-ambo-tapa-1.jpg\" alt=\"\" class=\"wp-image-4061\" srcset=\"https:\/\/colmed1.org.ar\/web\/wp-content\/uploads\/2024\/10\/de-ambo-tapa-1.jpg 359w, https:\/\/colmed1.org.ar\/web\/wp-content\/uploads\/2024\/10\/de-ambo-tapa-1-212x300.jpg 212w\" sizes=\"(max-width: 359px) 100vw, 359px\" \/><\/figure>\n","protected":false},"excerpt":{"rendered":"<p>El Distrito I del Colegio de M\u00e9dicos de la Provincia de Buenos Aires convoca a sus matriculados a la presentaci\u00f3n de trabajos de corte cient\u00edfico e investigaci\u00f3n, o presentaciones vinculadas a la experiencia profesional, para su publicaci\u00f3n en la revista digital, \u201cDe Ambo\u201d. Para esto, se solicita que los documentos sean presentados preferentemente a trav\u00e9s [&hellip;]<\/p>\n","protected":false},"author":5,"featured_media":4061,"comment_status":"closed","ping_status":"closed","sticky":false,"template":"","format":"standard","meta":{"_et_pb_use_builder":"off","_et_pb_old_content":"","_et_gb_content_width":"","inline_featured_image":false,"footnotes":""},"categories":[10,12],"tags":[],"class_list":["post-4060","post","type-post","status-publish","format-standard","has-post-thumbnail","hentry","category-principal","category-secunadaria"],"_links":{"self":[{"href":"https:\/\/colmed1.org.ar\/web\/index.php\/wp-json\/wp\/v2\/posts\/4060","targetHints":{"allow":["GET"]}}],"collection":[{"href":"https:\/\/colmed1.org.ar\/web\/index.php\/wp-json\/wp\/v2\/posts"}],"about":[{"href":"https:\/\/colmed1.org.ar\/web\/index.php\/wp-json\/wp\/v2\/types\/post"}],"author":[{"embeddable":true,"href":"https:\/\/colmed1.org.ar\/web\/index.php\/wp-json\/wp\/v2\/users\/5"}],"replies":[{"embeddable":true,"href":"https:\/\/colmed1.org.ar\/web\/index.php\/wp-json\/wp\/v2\/comments?post=4060"}],"version-history":[{"count":1,"href":"https:\/\/colmed1.org.ar\/web\/index.php\/wp-json\/wp\/v2\/posts\/4060\/revisions"}],"predecessor-version":[{"id":4062,"href":"https:\/\/colmed1.org.ar\/web\/index.php\/wp-json\/wp\/v2\/posts\/4060\/revisions\/4062"}],"wp:featuredmedia":[{"embeddable":true,"href":"https:\/\/colmed1.org.ar\/web\/index.php\/wp-json\/wp\/v2\/media\/4061"}],"wp:attachment":[{"href":"https:\/\/colmed1.org.ar\/web\/index.php\/wp-json\/wp\/v2\/media?parent=4060"}],"wp:term":[{"taxonomy":"category","embeddable":true,"href":"https:\/\/colmed1.org.ar\/web\/index.php\/wp-json\/wp\/v2\/categories?post=4060"},{"taxonomy":"post_tag","embeddable":true,"href":"https:\/\/colmed1.org.ar\/web\/index.php\/wp-json\/wp\/v2\/tags?post=4060"}],"curies":[{"name":"wp","href":"https:\/\/api.w.org\/{rel}","templated":true}]}}