{"id":4067,"date":"2024-11-07T12:29:53","date_gmt":"2024-11-07T15:29:53","guid":{"rendered":"https:\/\/colmed1.org.ar\/web\/?p=4067"},"modified":"2024-11-12T16:56:22","modified_gmt":"2024-11-12T19:56:22","slug":"jornada-cientifica-50-aniversario-del-colegio-de-bioquimicos-de-la-pcia-de-buenos-aires","status":"publish","type":"post","link":"https:\/\/colmed1.org.ar\/web\/index.php\/2024\/11\/07\/jornada-cientifica-50-aniversario-del-colegio-de-bioquimicos-de-la-pcia-de-buenos-aires\/","title":{"rendered":"Jornada Cient\u00edfica 50 Aniversario del Colegio de Bioqu\u00edmicos de la Pcia de Buenos Aires"},"content":{"rendered":"[et_pb_section admin_label=\u00bbsection\u00bb]\n\t\t\t[et_pb_row admin_label=\u00bbrow\u00bb]\n\t\t\t\t[et_pb_column type=\u00bb4_4&#8243;][et_pb_text admin_label=\u00bbText\u00bb]\n<p>El Colegio de M\u00e9dicos de la Provincia de Buenos Aires, Distrito I, informa a sus matriculados que se realizar\u00e1 la Jornada Cient\u00edfica 50 Aniversario del Colegio de Bioqu\u00edmicos de la Pcia de Buenos Aires. La actividad que lleva por nombre: \u201cBIOQU\u00cdMICA Y CL\u00cdNICA DE LOS S\u00cdNDROMES INMUNOAL\u00c9RGICOS ALIMENTARIO\u00bb, tendr\u00e1 lugar el pr\u00f3ximo 22 de noviembre.<\/p>\n\n\n\n<p>En el ser humano existen distintos tipos de trastornos inmunol\u00f3gicos ca-racterizados como alergias, cuyas manifestaciones dependen tanto de la v\u00eda de entrada o contacto con el organismo como de las determinantes fisicoqu\u00edmicas y moleculares de los desencadenantes o alergenos y fac-tores demogr\u00e1ficos y gen\u00e9ticos.<br>En esta oportunidad consideraremos en forma particular los procesos in-munopatog\u00e9nicos que son puestos de manifiesto por la ingesta de aler-genos alimentarios.<br>La complejidad de estas patolog\u00edas y los mecanismos subyacentes nos lleva a m\u00faltiples interrogantes:<br>\u00bfCu\u00e1les son los alergenos alimentarios m\u00e1s frecuentes, particularmente en Pediatr\u00eda? Cu\u00e1les son los tratamientos y estrategias de manejo actua-les para los individuos con alergias alimentarias ?<br>\u00bfCon qu\u00e9 mecanismos bioqu\u00edmicos reacciona el sistema inmunol\u00f3gico a los alergenos alimentarios?<br>\u00bfCu\u00e1les son los mecanismos que involucran a la microbiota intestinal en la prevenci\u00f3n o el desarrollo de las alergias alimentarias?<br>\u00bfCu\u00e1les son los medios de que dispone el laboratorio bioqu\u00edmico actual para el diagn\u00f3stico de las alergias alimentarias? \u00bfEs posible diferenciar alergias primarias de reacciones cruzadas con las determinaciones de componentes alerg\u00e9nicos moleculares? \u00bfExisten al\u00e9rgenos comunes a especies biol\u00f3gicas muy distantes taxon\u00f3micamente, y es posible valorar-los en el laboratorio cl\u00ednico ?<br>En esta Jornada  se discutir\u00e1  y tratar\u00e1 de develar estos interrogantes, y comprender a la luz de los conocimientos actuales la cl\u00ednica, la bioqu\u00edmica y el diagn\u00f3stico en el pa-ciente que desarrolla alergias a uno o m\u00e1s alimentos.<\/p>\n\n\n\n<div data-wp-interactive=\"core\/file\" class=\"wp-block-file\"><object data-wp-bind--hidden=\"!state.hasPdfPreview\" hidden class=\"wp-block-file__embed\" data=\"https:\/\/colmed1.org.ar\/web\/wp-content\/uploads\/2024\/11\/JORNADA-CIENTIFICA-50-ANIVERSARIO-PARA-DIFUSION.pdf\" type=\"application\/pdf\" style=\"width:100%;height:600px\" aria-label=\"Incrustado de JORNADA CIENT\u00cdFICA 50 ANIVERSARIO PARA DIFUSI\u00d3N.\"><\/object><a id=\"wp-block-file--media-ff7f9a0e-e0ee-4b29-873a-7d8eddb60e70\" href=\"https:\/\/colmed1.org.ar\/web\/wp-content\/uploads\/2024\/11\/JORNADA-CIENTIFICA-50-ANIVERSARIO-PARA-DIFUSION.pdf\">JORNADA CIENT\u00cdFICA 50 ANIVERSARIO PARA DIFUSI\u00d3N<\/a><a href=\"https:\/\/colmed1.org.ar\/web\/wp-content\/uploads\/2024\/11\/JORNADA-CIENTIFICA-50-ANIVERSARIO-PARA-DIFUSION.pdf\" class=\"wp-block-file__button wp-element-button\" download aria-describedby=\"wp-block-file--media-ff7f9a0e-e0ee-4b29-873a-7d8eddb60e70\">Descarga<\/a><\/div>\n[\/et_pb_text][\/et_pb_column]\n\t\t\t[\/et_pb_row]\n\t\t[\/et_pb_section]","protected":false},"excerpt":{"rendered":"<p>El Colegio de M\u00e9dicos de la Provincia de Buenos Aires, Distrito I, informa a sus matriculados que se realizar\u00e1 la Jornada Cient\u00edfica 50 Aniversario del Colegio de Bioqu\u00edmicos de la Pcia de Buenos Aires. La actividad que lleva por nombre: \u201cBIOQU\u00cdMICA Y CL\u00cdNICA DE LOS S\u00cdNDROMES INMUNOAL\u00c9RGICOS ALIMENTARIO\u00bb, tendr\u00e1 lugar el pr\u00f3ximo 22 de noviembre. [&hellip;]<\/p>\n","protected":false},"author":5,"featured_media":0,"comment_status":"closed","ping_status":"closed","sticky":false,"template":"","format":"standard","meta":{"_et_pb_use_builder":"on","_et_pb_old_content":"<!-- wp:paragraph -->\n<p>El Colegio de M\u00e9dicos de la Provincia de Buenos Aires, Distrito I, informa a sus matriculados que se realizar\u00e1 la Jornada Cient\u00edfica 50 Aniversario del Colegio de Bioqu\u00edmicos de la Pcia de Buenos Aires. La actividad que lleva por nombre: \u201cBIOQU\u00cdMICA Y CL\u00cdNICA DE LOS S\u00cdNDROMES INMUNOAL\u00c9RGICOS ALIMENTARIO\", tendr\u00e1 lugar el pr\u00f3ximo 22 de noviembre.<\/p>\n<!-- \/wp:paragraph -->\n\n<!-- wp:paragraph -->\n<p>En el ser humano existen distintos tipos de trastornos inmunol\u00f3gicos ca-racterizados como alergias, cuyas manifestaciones dependen tanto de la v\u00eda de entrada o contacto con el organismo como de las determinantes fisicoqu\u00edmicas y moleculares de los desencadenantes o alergenos y fac-tores demogr\u00e1ficos y gen\u00e9ticos.<br>En esta oportunidad consideraremos en forma particular los procesos in-munopatog\u00e9nicos que son puestos de manifiesto por la ingesta de aler-genos alimentarios.<br>La complejidad de estas patolog\u00edas y los mecanismos subyacentes nos lleva a m\u00faltiples interrogantes:<br>\u00bfCu\u00e1les son los alergenos alimentarios m\u00e1s frecuentes, particularmente en Pediatr\u00eda? Cu\u00e1les son los tratamientos y estrategias de manejo actua-les para los individuos con alergias alimentarias ?<br>\u00bfCon qu\u00e9 mecanismos bioqu\u00edmicos reacciona el sistema inmunol\u00f3gico a los alergenos alimentarios?<br>\u00bfCu\u00e1les son los mecanismos que involucran a la microbiota intestinal en la prevenci\u00f3n o el desarrollo de las alergias alimentarias?<br>\u00bfCu\u00e1les son los medios de que dispone el laboratorio bioqu\u00edmico actual para el diagn\u00f3stico de las alergias alimentarias? \u00bfEs posible diferenciar alergias primarias de reacciones cruzadas con las determinaciones de componentes alerg\u00e9nicos moleculares? \u00bfExisten al\u00e9rgenos comunes a especies biol\u00f3gicas muy distantes taxon\u00f3micamente, y es posible valorar-los en el laboratorio cl\u00ednico ?<br>En esta Jornada  se discutir\u00e1  y tratar\u00e1 de develar estos interrogantes, y comprender a la luz de los conocimientos actuales la cl\u00ednica, la bioqu\u00edmica y el diagn\u00f3stico en el pa-ciente que desarrolla alergias a uno o m\u00e1s alimentos.<\/p>\n<!-- \/wp:paragraph -->\n\n<!-- wp:file {\"id\":4068,\"href\":\"https:\/\/colmed1.org.ar\/web\/wp-content\/uploads\/2024\/11\/JORNADA-CIENTIFICA-50-ANIVERSARIO-PARA-DIFUSION.pdf\",\"displayPreview\":true} -->\n<div class=\"wp-block-file\"><object class=\"wp-block-file__embed\" data=\"https:\/\/colmed1.org.ar\/web\/wp-content\/uploads\/2024\/11\/JORNADA-CIENTIFICA-50-ANIVERSARIO-PARA-DIFUSION.pdf\" type=\"application\/pdf\" style=\"width:100%;height:600px\" aria-label=\"JORNADA CIENT\u00cdFICA 50 ANIVERSARIO PARA DIFUSI\u00d3N\"><\/object><a id=\"wp-block-file--media-ff7f9a0e-e0ee-4b29-873a-7d8eddb60e70\" href=\"https:\/\/colmed1.org.ar\/web\/wp-content\/uploads\/2024\/11\/JORNADA-CIENTIFICA-50-ANIVERSARIO-PARA-DIFUSION.pdf\">JORNADA CIENT\u00cdFICA 50 ANIVERSARIO PARA DIFUSI\u00d3N<\/a><a href=\"https:\/\/colmed1.org.ar\/web\/wp-content\/uploads\/2024\/11\/JORNADA-CIENTIFICA-50-ANIVERSARIO-PARA-DIFUSION.pdf\" class=\"wp-block-file__button wp-element-button\" download aria-describedby=\"wp-block-file--media-ff7f9a0e-e0ee-4b29-873a-7d8eddb60e70\">Descarga<\/a><\/div>\n<!-- \/wp:file -->","_et_gb_content_width":"","inline_featured_image":false,"footnotes":""},"categories":[10],"tags":[],"class_list":["post-4067","post","type-post","status-publish","format-standard","hentry","category-principal"],"_links":{"self":[{"href":"https:\/\/colmed1.org.ar\/web\/index.php\/wp-json\/wp\/v2\/posts\/4067","targetHints":{"allow":["GET"]}}],"collection":[{"href":"https:\/\/colmed1.org.ar\/web\/index.php\/wp-json\/wp\/v2\/posts"}],"about":[{"href":"https:\/\/colmed1.org.ar\/web\/index.php\/wp-json\/wp\/v2\/types\/post"}],"author":[{"embeddable":true,"href":"https:\/\/colmed1.org.ar\/web\/index.php\/wp-json\/wp\/v2\/users\/5"}],"replies":[{"embeddable":true,"href":"https:\/\/colmed1.org.ar\/web\/index.php\/wp-json\/wp\/v2\/comments?post=4067"}],"version-history":[{"count":2,"href":"https:\/\/colmed1.org.ar\/web\/index.php\/wp-json\/wp\/v2\/posts\/4067\/revisions"}],"predecessor-version":[{"id":4072,"href":"https:\/\/colmed1.org.ar\/web\/index.php\/wp-json\/wp\/v2\/posts\/4067\/revisions\/4072"}],"wp:attachment":[{"href":"https:\/\/colmed1.org.ar\/web\/index.php\/wp-json\/wp\/v2\/media?parent=4067"}],"wp:term":[{"taxonomy":"category","embeddable":true,"href":"https:\/\/colmed1.org.ar\/web\/index.php\/wp-json\/wp\/v2\/categories?post=4067"},{"taxonomy":"post_tag","embeddable":true,"href":"https:\/\/colmed1.org.ar\/web\/index.php\/wp-json\/wp\/v2\/tags?post=4067"}],"curies":[{"name":"wp","href":"https:\/\/api.w.org\/{rel}","templated":true}]}}