{"id":4090,"date":"2024-11-27T11:48:35","date_gmt":"2024-11-27T14:48:35","guid":{"rendered":"https:\/\/colmed1.org.ar\/web\/?p=4090"},"modified":"2024-11-27T11:48:54","modified_gmt":"2024-11-27T14:48:54","slug":"homenaje-al-dr-bernardo-eliseo-manzino","status":"publish","type":"post","link":"https:\/\/colmed1.org.ar\/web\/index.php\/2024\/11\/27\/homenaje-al-dr-bernardo-eliseo-manzino\/","title":{"rendered":"\u00a0Homenaje al Dr. Bernardo Eliseo Manzino"},"content":{"rendered":"\n<p>El Colegio de M\u00e9dicos de la Provincia de Buenos Aires, Distrito I, invita a sus matriculados a participar del acto homenaje en memoria del Ciudadano Ilustre y<\/p>\n\n\n\n<p>Maestro de la Medicina Platense Prof. Dr. Bernardo Eliseo Manzino<strong>.<\/strong><\/p>\n\n\n\n<p>En el mismo se realizar\u00e1 la presentaci\u00f3n del libro de su Biograf\u00eda<\/p>\n\n\n\n<p>Profesor Em\u00e9rito Bernardo Eliseo Manzino<\/p>\n\n\n\n<p>Vida, obra y trascendencia humana, m\u00e9dica, docente y filantr\u00f3pica de un maestro<\/p>\n\n\n\n<p>El acto se realizar\u00e1 el jueves 5 de diciembre de 2024 a las 18 hs. en el Sal\u00f3n Dorado del Palacio Municipal de La Plata.<\/p>\n\n\n\n<div data-wp-interactive=\"core\/file\" class=\"wp-block-file\"><object data-wp-bind--hidden=\"!state.hasPdfPreview\" hidden class=\"wp-block-file__embed\" data=\"https:\/\/colmed1.org.ar\/web\/wp-content\/uploads\/2024\/11\/MANZINO-INVITACION-INAUGURACION-2.pdf\" type=\"application\/pdf\" style=\"width:100%;height:600px\" aria-label=\"Incrustado de MANZINO INVITACION INAUGURACION-2.\"><\/object><a id=\"wp-block-file--media-401c4573-5e95-4445-9378-a63c92eaa4f0\" href=\"https:\/\/colmed1.org.ar\/web\/wp-content\/uploads\/2024\/11\/MANZINO-INVITACION-INAUGURACION-2.pdf\">MANZINO INVITACION INAUGURACION-2<\/a><a href=\"https:\/\/colmed1.org.ar\/web\/wp-content\/uploads\/2024\/11\/MANZINO-INVITACION-INAUGURACION-2.pdf\" class=\"wp-block-file__button wp-element-button\" download aria-describedby=\"wp-block-file--media-401c4573-5e95-4445-9378-a63c92eaa4f0\">Descarga<\/a><\/div>\n","protected":false},"excerpt":{"rendered":"<p>El Colegio de M\u00e9dicos de la Provincia de Buenos Aires, Distrito I, invita a sus matriculados a participar del acto homenaje en memoria del Ciudadano Ilustre y Maestro de la Medicina Platense Prof. Dr. Bernardo Eliseo Manzino. En el mismo se realizar\u00e1 la presentaci\u00f3n del libro de su Biograf\u00eda Profesor Em\u00e9rito Bernardo Eliseo Manzino Vida, [&hellip;]<\/p>\n","protected":false},"author":5,"featured_media":0,"comment_status":"closed","ping_status":"closed","sticky":false,"template":"","format":"standard","meta":{"_et_pb_use_builder":"off","_et_pb_old_content":"","_et_gb_content_width":"","inline_featured_image":false,"footnotes":""},"categories":[10,1],"tags":[],"class_list":["post-4090","post","type-post","status-publish","format-standard","hentry","category-principal","category-uncategorized"],"_links":{"self":[{"href":"https:\/\/colmed1.org.ar\/web\/index.php\/wp-json\/wp\/v2\/posts\/4090","targetHints":{"allow":["GET"]}}],"collection":[{"href":"https:\/\/colmed1.org.ar\/web\/index.php\/wp-json\/wp\/v2\/posts"}],"about":[{"href":"https:\/\/colmed1.org.ar\/web\/index.php\/wp-json\/wp\/v2\/types\/post"}],"author":[{"embeddable":true,"href":"https:\/\/colmed1.org.ar\/web\/index.php\/wp-json\/wp\/v2\/users\/5"}],"replies":[{"embeddable":true,"href":"https:\/\/colmed1.org.ar\/web\/index.php\/wp-json\/wp\/v2\/comments?post=4090"}],"version-history":[{"count":1,"href":"https:\/\/colmed1.org.ar\/web\/index.php\/wp-json\/wp\/v2\/posts\/4090\/revisions"}],"predecessor-version":[{"id":4092,"href":"https:\/\/colmed1.org.ar\/web\/index.php\/wp-json\/wp\/v2\/posts\/4090\/revisions\/4092"}],"wp:attachment":[{"href":"https:\/\/colmed1.org.ar\/web\/index.php\/wp-json\/wp\/v2\/media?parent=4090"}],"wp:term":[{"taxonomy":"category","embeddable":true,"href":"https:\/\/colmed1.org.ar\/web\/index.php\/wp-json\/wp\/v2\/categories?post=4090"},{"taxonomy":"post_tag","embeddable":true,"href":"https:\/\/colmed1.org.ar\/web\/index.php\/wp-json\/wp\/v2\/tags?post=4090"}],"curies":[{"name":"wp","href":"https:\/\/api.w.org\/{rel}","templated":true}]}}