{"id":4168,"date":"2025-02-14T11:43:49","date_gmt":"2025-02-14T14:43:49","guid":{"rendered":"https:\/\/colmed1.org.ar\/web\/?p=4168"},"modified":"2025-02-14T11:55:01","modified_gmt":"2025-02-14T14:55:01","slug":"viii-congreso-argentino-de-cirugia-bariatrica-y-metabolica","status":"publish","type":"post","link":"https:\/\/colmed1.org.ar\/web\/index.php\/2025\/02\/14\/viii-congreso-argentino-de-cirugia-bariatrica-y-metabolica\/","title":{"rendered":"VIII Congreso Argentino de Cirug\u00eda Bari\u00e1trica y Metab\u00f3lica"},"content":{"rendered":"\n<p>El Colegio de M\u00e9dicos Distrito I informa que, entre los d\u00edas 19 y 21 de marzo, se llevar\u00e1 a cabo el \u00a0VIII Congreso Argentino de Cirug\u00eda Bari\u00e1trica y Metab\u00f3lica, organizado por la Sociedad Argentina de Cirug\u00eda de la Obesidad, Enfermedad Metab\u00f3lica y Otras Relacionadas con la Obesidad (SACO), que se da conjuntamente con la celebraci\u00f3n del 25\u00b0 Aniversario de la SACO.<\/p>\n\n\n\n<p>Dicho evento tendr\u00e1 lugar en las instalaciones del Hotel Buenos Aires Marriott, de la Ciudad Aut\u00f3noma de Buenos Aires.<\/p>\n\n\n\n<p>Dicho evento cient\u00edfico, tiene como objetivo fundamental convocar a todos los profesionales relacionados con el tratamiento quir\u00fargico de la obesidad m\u00f3rbida, enfermedad metab\u00f3lica y otras relacionadas con la obesidad, en sus distintas disciplinas (cirujanos, cl\u00ednicos, nutricionistas, psic\u00f3logos, psiquiatras, fisioterapeutas, profesores de educaci\u00f3n f\u00edsica, entre otras).<\/p>\n\n\n\n<p>El programa cient\u00edfico prev\u00e9 un completo temario en el \u00e1rea cl\u00ednico nutricional, psiquiatr\u00eda, psicolog\u00eda y cirug\u00eda, que incluyen simposios, conferencias, teleconferencias, debates, mesas simult\u00e1neas de video-discusi\u00f3n, presentaci\u00f3n de trabajos libres, etc.<\/p>\n\n\n\n<p>Para mayor informaci\u00f3n: <a href=\"https:\/\/congresosaco.com.ar\/\">https:\/\/congresosaco.com.ar\/<\/a><\/p>\n\n\n\n<p><\/p>\n","protected":false},"excerpt":{"rendered":"<p>El Colegio de M\u00e9dicos Distrito I informa que, entre los d\u00edas 19 y 21 de marzo, se llevar\u00e1 a cabo el \u00a0VIII Congreso Argentino de Cirug\u00eda Bari\u00e1trica y Metab\u00f3lica, organizado por la Sociedad Argentina de Cirug\u00eda de la Obesidad, Enfermedad Metab\u00f3lica y Otras Relacionadas con la Obesidad (SACO), que se da conjuntamente con la celebraci\u00f3n [&hellip;]<\/p>\n","protected":false},"author":5,"featured_media":0,"comment_status":"closed","ping_status":"closed","sticky":false,"template":"","format":"standard","meta":{"_et_pb_use_builder":"off","_et_pb_old_content":"","_et_gb_content_width":"","inline_featured_image":false,"footnotes":""},"categories":[14,12],"tags":[],"class_list":["post-4168","post","type-post","status-publish","format-standard","hentry","category-noticias","category-secunadaria"],"_links":{"self":[{"href":"https:\/\/colmed1.org.ar\/web\/index.php\/wp-json\/wp\/v2\/posts\/4168","targetHints":{"allow":["GET"]}}],"collection":[{"href":"https:\/\/colmed1.org.ar\/web\/index.php\/wp-json\/wp\/v2\/posts"}],"about":[{"href":"https:\/\/colmed1.org.ar\/web\/index.php\/wp-json\/wp\/v2\/types\/post"}],"author":[{"embeddable":true,"href":"https:\/\/colmed1.org.ar\/web\/index.php\/wp-json\/wp\/v2\/users\/5"}],"replies":[{"embeddable":true,"href":"https:\/\/colmed1.org.ar\/web\/index.php\/wp-json\/wp\/v2\/comments?post=4168"}],"version-history":[{"count":1,"href":"https:\/\/colmed1.org.ar\/web\/index.php\/wp-json\/wp\/v2\/posts\/4168\/revisions"}],"predecessor-version":[{"id":4169,"href":"https:\/\/colmed1.org.ar\/web\/index.php\/wp-json\/wp\/v2\/posts\/4168\/revisions\/4169"}],"wp:attachment":[{"href":"https:\/\/colmed1.org.ar\/web\/index.php\/wp-json\/wp\/v2\/media?parent=4168"}],"wp:term":[{"taxonomy":"category","embeddable":true,"href":"https:\/\/colmed1.org.ar\/web\/index.php\/wp-json\/wp\/v2\/categories?post=4168"},{"taxonomy":"post_tag","embeddable":true,"href":"https:\/\/colmed1.org.ar\/web\/index.php\/wp-json\/wp\/v2\/tags?post=4168"}],"curies":[{"name":"wp","href":"https:\/\/api.w.org\/{rel}","templated":true}]}}