{"id":4200,"date":"2025-03-06T11:56:01","date_gmt":"2025-03-06T14:56:01","guid":{"rendered":"https:\/\/colmed1.org.ar\/web\/?p=4200"},"modified":"2025-03-13T11:12:54","modified_gmt":"2025-03-13T14:12:54","slug":"curso-superior-bienal-de-terapia-intensiva-2025-2026","status":"publish","type":"post","link":"https:\/\/colmed1.org.ar\/web\/index.php\/2025\/03\/06\/curso-superior-bienal-de-terapia-intensiva-2025-2026\/","title":{"rendered":"Curso superior Bienal de Terapia Intensiva 2025-2026"},"content":{"rendered":"\n<p>El Colegio de M\u00e9dicos de la Provincia de Buenos Aires, Distrito I, informa a sus matriculados que se realizar\u00e1 el Curso superior Bienal de Terapia Intensiva 2025-2026.<\/p>\n\n\n\n<p>La actividad tendr\u00e1 inicio el jueves 8 de mayo y estar\u00e1 a cargo del Dr Gustavo Caparro.<\/p>\n\n\n\n<div class=\"wp-block-file\"><a id=\"wp-block-file--media-c5172ebd-131e-4856-bca0-7b2126027542\" href=\"https:\/\/colmed1.org.ar\/web\/wp-content\/uploads\/2025\/03\/flyers-terapia-intensiva-2025-2026-1.odt\">flyers terapia intensiva 2025-2026 (1)<\/a><a href=\"https:\/\/colmed1.org.ar\/web\/wp-content\/uploads\/2025\/03\/flyers-terapia-intensiva-2025-2026-1.odt\" class=\"wp-block-file__button wp-element-button\" download aria-describedby=\"wp-block-file--media-c5172ebd-131e-4856-bca0-7b2126027542\">Descarga<\/a><\/div>\n","protected":false},"excerpt":{"rendered":"<p>El Colegio de M\u00e9dicos de la Provincia de Buenos Aires, Distrito I, informa a sus matriculados que se realizar\u00e1 el Curso superior Bienal de Terapia Intensiva 2025-2026. La actividad tendr\u00e1 inicio el jueves 8 de mayo y estar\u00e1 a cargo del Dr Gustavo Caparro.<\/p>\n","protected":false},"author":5,"featured_media":0,"comment_status":"closed","ping_status":"closed","sticky":false,"template":"","format":"standard","meta":{"_et_pb_use_builder":"off","_et_pb_old_content":"","_et_gb_content_width":"","inline_featured_image":false,"footnotes":""},"categories":[10],"tags":[],"class_list":["post-4200","post","type-post","status-publish","format-standard","hentry","category-principal"],"_links":{"self":[{"href":"https:\/\/colmed1.org.ar\/web\/index.php\/wp-json\/wp\/v2\/posts\/4200","targetHints":{"allow":["GET"]}}],"collection":[{"href":"https:\/\/colmed1.org.ar\/web\/index.php\/wp-json\/wp\/v2\/posts"}],"about":[{"href":"https:\/\/colmed1.org.ar\/web\/index.php\/wp-json\/wp\/v2\/types\/post"}],"author":[{"embeddable":true,"href":"https:\/\/colmed1.org.ar\/web\/index.php\/wp-json\/wp\/v2\/users\/5"}],"replies":[{"embeddable":true,"href":"https:\/\/colmed1.org.ar\/web\/index.php\/wp-json\/wp\/v2\/comments?post=4200"}],"version-history":[{"count":2,"href":"https:\/\/colmed1.org.ar\/web\/index.php\/wp-json\/wp\/v2\/posts\/4200\/revisions"}],"predecessor-version":[{"id":4216,"href":"https:\/\/colmed1.org.ar\/web\/index.php\/wp-json\/wp\/v2\/posts\/4200\/revisions\/4216"}],"wp:attachment":[{"href":"https:\/\/colmed1.org.ar\/web\/index.php\/wp-json\/wp\/v2\/media?parent=4200"}],"wp:term":[{"taxonomy":"category","embeddable":true,"href":"https:\/\/colmed1.org.ar\/web\/index.php\/wp-json\/wp\/v2\/categories?post=4200"},{"taxonomy":"post_tag","embeddable":true,"href":"https:\/\/colmed1.org.ar\/web\/index.php\/wp-json\/wp\/v2\/tags?post=4200"}],"curies":[{"name":"wp","href":"https:\/\/api.w.org\/{rel}","templated":true}]}}