{"id":4217,"date":"2025-03-13T15:09:27","date_gmt":"2025-03-13T18:09:27","guid":{"rendered":"https:\/\/colmed1.org.ar\/web\/?p=4217"},"modified":"2025-03-13T15:10:15","modified_gmt":"2025-03-13T18:10:15","slug":"curso-de-practica-procesal-para-peritos-2025-nen-el-colegio-de-obstetricas","status":"publish","type":"post","link":"https:\/\/colmed1.org.ar\/web\/index.php\/2025\/03\/13\/curso-de-practica-procesal-para-peritos-2025-nen-el-colegio-de-obstetricas\/","title":{"rendered":"Curso de Pr\u00e1ctica Procesal para Peritos 2025 en el Colegio de Obst\u00e9tricas"},"content":{"rendered":"\n<h3 class=\"wp-block-heading\">PR\u00c1CTICA PROCESAL PARA PERITOS<\/h3>\n\n\n\n<h4 class=\"wp-block-heading\">Acordada 2728\/96 \u2013 SCJPBA<\/h4>\n\n\n\n<h4 class=\"wp-block-heading\"><strong>Curso 2025 \u2013 A Distancia \u2013 1ra Cohorte \u2013 Inicio 31 de Marzo<\/strong><\/h4>\n\n\n\n<p>El Colegio de Obst\u00e9tricas de la Provincia de Buenos Aires, en convenio con la Suprema Corte de Justicia de la Provincia de Buenos Aires, tiene el agrado de ofrecer el curso oficial de&nbsp;<strong>Pr\u00e1ctica Procesal para Auxiliares de la Justicia<\/strong>.<\/p>\n\n\n\n<p>Este curso se llevar\u00e1 a cabo en modalidad VIRTUAL, con inicio el 31 de marzo de 2025 y est\u00e1 destinado a&nbsp;<em>Licenciadas\/os en Obstetricia y otros profesionales<\/em>&nbsp;incluidos en la lista de especialidades y t\u00edtulos aprobados por la SCJBA, matriculados en la provincia de Buenos Aires.<\/p>\n\n\n\n<p>El objetivo de \u00e9ste, es proporcionar a los participantes los conocimientos necesarios para desempe\u00f1arse como peritos de oficio en la Suprema Corte de Justicia de la Provincia de Buenos Aires y obtener&nbsp;<strong>el certificado oficial&nbsp;<\/strong>para inscribirse como&nbsp;<em>PERITO<\/em>.<\/p>\n\n\n\n<h3 class=\"wp-block-heading\">Modalidad del Curso<\/h3>\n\n\n\n<p>El curso se desarrollar\u00e1 a trav\u00e9s de la plataforma Moodle del COPBA, permitiendo a los estudiantes acceder al material de estudio las 24 horas del d\u00eda, los 7 d\u00edas de la semana y estar\u00e1 compuesto de 8 clases, las cuales estar\u00e1n disponibles seg\u00fan el cronograma establecido. Adem\u00e1s, se ofrecer\u00e1n sesiones opcionales sincr\u00f3nicas a trav\u00e9s de Zoom los d\u00edas jueves a las 15:00 hs.<\/p>\n\n\n\n<p>Detalles del Curso:<\/p>\n\n\n\n<ul class=\"wp-block-list\">\n<li><strong>Inicio del Curso<\/strong>: 31 de marzo de 2025<\/li>\n\n\n\n<li><strong>Duraci\u00f3n<\/strong>: 8 clases<\/li>\n\n\n\n<li><strong>Carga horaria<\/strong>: 48 horas<\/li>\n\n\n\n<li>\u00a0<strong>Modalidad<\/strong>: Autoadministrada y asincr\u00f3nica<\/li>\n\n\n\n<li><strong>Disponibilidad del Material<\/strong>: 24\/7 en la plataforma Moodle<\/li>\n\n\n\n<li><strong>Sesiones sincr\u00f3nicas por Zoom<\/strong>: jueves de participaci\u00f3n opcional<\/li>\n\n\n\n<li><strong>Trabajos Pr\u00e1cticos<\/strong>: Su presentaci\u00f3n es obligatoria para la aprobaci\u00f3n del curso<\/li>\n\n\n\n<li><strong>Clase de Repaso<\/strong>: Opcional al final del programa<\/li>\n<\/ul>\n\n\n\n<h3 class=\"wp-block-heading\">Cronograma de Clases<\/h3>\n\n\n\n<figure class=\"wp-block-table\"><table class=\"has-fixed-layout\"><tbody><tr><td><strong>CLASES<\/strong><\/td><td><strong>DISPONIBLE EN LA PLATAFORMA<\/strong><\/td><td><strong>CLASE POR ZOOM 15:00 Hs.<\/strong><\/td><\/tr><tr><td><strong>1<\/strong><\/td><td><strong>Lunes 31\/03<\/strong><\/td><td><strong>Jueves 03\/04<\/strong><\/td><\/tr><tr><td><strong>2<\/strong><\/td><td><strong>&nbsp;Lunes&nbsp; 07\/04<\/strong><\/td><td><strong>Jueves 10\/04<\/strong><\/td><\/tr><tr><td><strong>3<\/strong><\/td><td><strong>&nbsp;Lunes&nbsp; 14\/04<\/strong><\/td><td><strong>Jueves 17\/04<\/strong><\/td><\/tr><tr><td><strong>4<\/strong><\/td><td><strong>&nbsp;Lunes&nbsp; 21\/04<\/strong><\/td><td><strong>Jueves 24\/04<\/strong><\/td><\/tr><tr><td><strong>5<\/strong><\/td><td><strong>&nbsp;Lunes&nbsp; 28\/04<\/strong><\/td><td><strong>Mi\u00e9rcoles 30\/04<\/strong><\/td><\/tr><tr><td><strong>6<\/strong><\/td><td><strong>&nbsp;Lunes&nbsp; 05\/05<\/strong><\/td><td><strong>Jueves 08\/05<\/strong><\/td><\/tr><tr><td><strong>7<\/strong><\/td><td><strong>&nbsp;Lunes&nbsp; 12\/05<\/strong><\/td><td><strong>Jueves 15\/05<\/strong><\/td><\/tr><tr><td><strong>8<\/strong><\/td><td><strong>&nbsp;Lunes&nbsp; 19\/05<\/strong><\/td><td><strong>Jueves 22\/05<\/strong><\/td><\/tr><tr><td colspan=\"3\"><strong>&nbsp;<\/strong><strong>ZOOM JUEVES 12\/06 &#8211; 15:00 Hs.<\/strong><strong>CLASE DE REPASO, OPCIONAL. FIN CURSO<\/strong><\/td><\/tr><\/tbody><\/table><\/figure>\n\n\n\n<h3 class=\"wp-block-heading\"><\/h3>\n\n\n\n<h3 class=\"wp-block-heading\"><\/h3>\n\n\n\n<h3 class=\"wp-block-heading\"><\/h3>\n\n\n\n<h3 class=\"wp-block-heading\"><\/h3>\n\n\n\n<h3 class=\"wp-block-heading\"><\/h3>\n\n\n\n<h3 class=\"wp-block-heading\"><\/h3>\n\n\n\n<h3 class=\"wp-block-heading\"><\/h3>\n\n\n\n<h3 class=\"wp-block-heading\">Evaluaci\u00f3n Final<\/h3>\n\n\n\n<p>La evaluaci\u00f3n final podr\u00e1 ser presencial o a distancia, seg\u00fan lo determine la SCJBA. En caso de ser presencial, los estudiantes deber\u00e1n presentarse en la ciudad de La Plata en las fechas y horarios establecidos por la Suprema Corte de Justicia de la Provincia de Buenos Aires.<\/p>\n\n\n\n<p>Tendr\u00e1n tres opciones de examen, seg\u00fan lo definido por&nbsp;la SCJBA&nbsp;ser\u00e1n: 03 de&nbsp;julio,&nbsp;14 de&nbsp;agosto y&nbsp;04 de&nbsp;diciembre. S\u00f3lo podr\u00e1n presentarse en las tres oportunidades prefijadas,&nbsp;no existiendo pr\u00f3rroga de ninguna \u00edndole<\/p>\n\n\n\n<p>Las inscripciones para peritos en los listados judiciales est\u00e1n previstas para septiembre de 2025.<\/p>\n\n\n\n<h3 class=\"wp-block-heading\">Informaci\u00f3n Adicional<\/h3>\n\n\n\n<ul class=\"wp-block-list\">\n<li><strong>Costo del Curso<\/strong>: $100.000 (contado) o 3 cuotas consecutivas de $40.000<\/li>\n\n\n\n<li><strong>Forma de Pago<\/strong>: Transferencia bancaria o tarjeta de cr\u00e9dito\/d\u00e9bito VISA<\/li>\n\n\n\n<li>\u00a0<strong>Cupo M\u00ednimo<\/strong>: 10 inscriptos<\/li>\n<\/ul>\n\n\n\n<p>Docentes:&nbsp;Dres. Juan Alberto Romairone y Karina Ayelen Romairone (abogados)<\/p>\n\n\n\n<p>Inscripci\u00f3n:&nbsp;<a href=\"https:\/\/forms.gle\/j1xeiJQ98ogNvJPE9\" rel=\"noreferrer noopener\" target=\"_blank\">https:\/\/forms.gle\/j1xeiJQ98ogNvJPE9<\/a><\/p>\n\n\n\n<p>Para inscribirse, es necesario adjuntar al formulario un escaneo del&nbsp;<strong>D.N.I&nbsp;<\/strong>(frente y dorso),&nbsp;<strong>t\u00edtulo habilitante<\/strong>&nbsp;(frente y dorso) y&nbsp;<strong>certificado de matr\u00edcula activa<\/strong>&nbsp;con informaci\u00f3n de libre sanci\u00f3n disciplinaria del Colegio\/Consejo de la PBA en donde se encuentra matriculado (no se tomar\u00e1 como comprobante el env\u00edo de credencial profesional).<\/p>\n\n\n\n<p><strong>Informes<\/strong>:<\/p>\n\n\n\n<ul class=\"wp-block-list\">\n<li><strong>Correo<\/strong>:\u00a0<a href=\"mailto:cursos@copba-cs.org.ar\" target=\"_blank\" rel=\"noreferrer noopener\">cursos@copba-cs.org.ar<\/a><\/li>\n\n\n\n<li><strong>Tel\u00e9fono<\/strong>: 0221 4245434 \u2013 Lunes y jueves de 14.00 a 16.00 hs.<\/li>\n<\/ul>\n","protected":false},"excerpt":{"rendered":"<p>PR\u00c1CTICA PROCESAL PARA PERITOS Acordada 2728\/96 \u2013 SCJPBA Curso 2025 \u2013 A Distancia \u2013 1ra Cohorte \u2013 Inicio 31 de Marzo El Colegio de Obst\u00e9tricas de la Provincia de Buenos Aires, en convenio con la Suprema Corte de Justicia de la Provincia de Buenos Aires, tiene el agrado de ofrecer el curso oficial de&nbsp;Pr\u00e1ctica Procesal [&hellip;]<\/p>\n","protected":false},"author":5,"featured_media":4218,"comment_status":"closed","ping_status":"closed","sticky":false,"template":"","format":"standard","meta":{"_et_pb_use_builder":"off","_et_pb_old_content":"","_et_gb_content_width":"","inline_featured_image":false,"footnotes":""},"categories":[10,12],"tags":[],"class_list":["post-4217","post","type-post","status-publish","format-standard","has-post-thumbnail","hentry","category-principal","category-secunadaria"],"_links":{"self":[{"href":"https:\/\/colmed1.org.ar\/web\/index.php\/wp-json\/wp\/v2\/posts\/4217","targetHints":{"allow":["GET"]}}],"collection":[{"href":"https:\/\/colmed1.org.ar\/web\/index.php\/wp-json\/wp\/v2\/posts"}],"about":[{"href":"https:\/\/colmed1.org.ar\/web\/index.php\/wp-json\/wp\/v2\/types\/post"}],"author":[{"embeddable":true,"href":"https:\/\/colmed1.org.ar\/web\/index.php\/wp-json\/wp\/v2\/users\/5"}],"replies":[{"embeddable":true,"href":"https:\/\/colmed1.org.ar\/web\/index.php\/wp-json\/wp\/v2\/comments?post=4217"}],"version-history":[{"count":2,"href":"https:\/\/colmed1.org.ar\/web\/index.php\/wp-json\/wp\/v2\/posts\/4217\/revisions"}],"predecessor-version":[{"id":4221,"href":"https:\/\/colmed1.org.ar\/web\/index.php\/wp-json\/wp\/v2\/posts\/4217\/revisions\/4221"}],"wp:featuredmedia":[{"embeddable":true,"href":"https:\/\/colmed1.org.ar\/web\/index.php\/wp-json\/wp\/v2\/media\/4218"}],"wp:attachment":[{"href":"https:\/\/colmed1.org.ar\/web\/index.php\/wp-json\/wp\/v2\/media?parent=4217"}],"wp:term":[{"taxonomy":"category","embeddable":true,"href":"https:\/\/colmed1.org.ar\/web\/index.php\/wp-json\/wp\/v2\/categories?post=4217"},{"taxonomy":"post_tag","embeddable":true,"href":"https:\/\/colmed1.org.ar\/web\/index.php\/wp-json\/wp\/v2\/tags?post=4217"}],"curies":[{"name":"wp","href":"https:\/\/api.w.org\/{rel}","templated":true}]}}