{"id":4222,"date":"2025-03-13T15:12:04","date_gmt":"2025-03-13T18:12:04","guid":{"rendered":"https:\/\/colmed1.org.ar\/web\/?p=4222"},"modified":"2025-03-13T15:12:05","modified_gmt":"2025-03-13T18:12:05","slug":"capacitacion-en-practica-procesal-para-peritos-2025-en-el-colegio-de-farmaceuticos","status":"publish","type":"post","link":"https:\/\/colmed1.org.ar\/web\/index.php\/2025\/03\/13\/capacitacion-en-practica-procesal-para-peritos-2025-en-el-colegio-de-farmaceuticos\/","title":{"rendered":"Capacitaci\u00f3n en Pr\u00e1ctica Procesal para peritos 2025 en el Colegio de Farmac\u00e9uticos"},"content":{"rendered":"\n<p><strong>Capacitaci\u00f3n en PR\u00c1CTICA PROCESAL PARA <\/strong><strong>&nbsp;PERITOS 2025 \u2013 1\u00ba Semestre&nbsp;<\/strong><\/p>\n\n\n\n<p>Acordada 2728\/96 conforme las resoluciones 2329\/96 y 494\/22 de la SCBA \u2013 SCJPBA \u2013 Primer Semestre.&nbsp;<\/p>\n\n\n\n<p>El Colegio de Farmac\u00e9uticos de la Provincia de Buenos Aires informa sobre &nbsp;el curso a distancia: \u201cPr\u00e1ctica Procesal para Peritos\u00bb, destinado a &nbsp;Farmac\u00e9uticos, y todo profesional que se encuentre incluido en la n\u00f3mina de &nbsp;especialidades y t\u00edtulos aprobado por la SCJBA.&nbsp;<\/p>\n\n\n\n<p><strong>ORGANIZA<\/strong><strong>&nbsp;<\/strong><\/p>\n\n\n\n<p>Colegio de Farmac\u00e9uticos de la Provincia de Bs. As., seg\u00fan Convenio con la &nbsp;Suprema Corte de Justicia de la Provincia de Bs. As.-&nbsp;<\/p>\n\n\n\n<p><strong>DESTINATARIOS<\/strong><strong>&nbsp;<\/strong><\/p>\n\n\n\n<p>Farmac\u00e9uticos y todo profesional que se encuentre incluido en la n\u00f3mina de &nbsp;especialidades y t\u00edtulos aprobado por la SCJBA<strong>. <\/strong>Se otorgar\u00e1, a los que lo &nbsp;aprueben, el certificado oficial para inscribirse como perito de oficio en la &nbsp;Suprema Corte de Justicia de la Provincia de Buenos Aires.&nbsp;<\/p>\n\n\n\n<p><strong>OBJETIVOS<\/strong><strong>&nbsp;<\/strong><\/p>\n\n\n\n<p>Se buscar\u00e1 que los Profesionales adquieran conocimientos en los siguientes &nbsp;aspectos:&nbsp;<\/p>\n\n\n\n<p>\u2219 <em>La Organizaci\u00f3n y funcionamiento del Poder Judicial de la Provincia <\/em><em>&nbsp;<\/em><em>de Buenos Aires.-<\/em><em>&nbsp;<\/em><\/p>\n\n\n\n<p>\u2219 <em>La Importancia de la labor como auxiliar de justicia dentro del marco <\/em><em>&nbsp;<\/em><em>de las causas judiciales.-<\/em><em>&nbsp;<\/em><\/p>\n\n\n\n<p>\u2219 <em>El procedimiento judicial en los distintos fueros.-<\/em><em>&nbsp;<\/em><\/p>\n\n\n\n<p>\u2219 <em>La confecci\u00f3n de pericias y escritos judiciales.-<\/em><em>&nbsp;<\/em><\/p>\n\n\n\n<p>\u2219 <em>El desenvolvimiento dentro de un proceso judicial.-<\/em><em>&nbsp;<\/em><\/p>\n\n\n\n<p><strong>MODALIDAD<\/strong><strong>&nbsp;<\/strong><\/p>\n\n\n\n<p>A distancia: 10 (diez) clases que se desarrollaran a trav\u00e9s de la plataforma &nbsp;Moodle de estudio del Colegio.&nbsp;<\/p>\n\n\n\n<p><strong>Para Martilleros y Corredores P\u00fablicos la duraci\u00f3n ser\u00e1 de 12 (doce) <\/strong><strong>&nbsp;clases.&nbsp;<\/strong><\/p>\n\n\n\n<p>Se podr\u00e1 acceder desde cualquier lugar y momento a trav\u00e9s de un <strong>usuario y <\/strong><strong>&nbsp;<\/strong><strong>contrase\u00f1a <\/strong>provistos por el Colegio. En la plataforma encontrar\u00e1 las &nbsp;unidades, seg\u00fan cronograma detallado, en diversos formatos, texto, foros,&nbsp;<\/p>\n\n\n\n<figure class=\"wp-block-image\"><img decoding=\"async\" src=\"https:\/\/lh7-rt.googleusercontent.com\/docsz\/AD_4nXfViDAp_Adr9Iir7lDGTaJ9kyS_SmfyKuZ0c6_s0oE2Jq9AiRyStLToQjcUF5CfmugPrGRb44S1Ea1G3ssBmC3lQX8d8QDskbOcPnWqND53BGDgROGbcwfjjC5mf7hoGELcf9y13g?key=3SEmrn5vRnV5aihsWXrykurv\" alt=\"\"\/><\/figure>\n\n\n\n<p>videos. Se desarrollar\u00e1n tambi\u00e9n, trabajos pr\u00e1cticos. La aprobaci\u00f3n del curso &nbsp;depende de la presentaci\u00f3n de los mismos y la participaci\u00f3n en los foros, estos &nbsp;permiten una interacci\u00f3n con los docentes y con los dem\u00e1s participantes, &nbsp;pudiendo opinar, proponer y debatir.-&nbsp;<\/p>\n\n\n\n<p>La <strong>evaluaci\u00f3n final ser\u00e1 virtual<\/strong>, conforme a las fechas fijadas por el Instituto &nbsp;de Estudios Judiciales de la Suprema Corte de Justicia de la Provincia de &nbsp;Buenos Aires. Podr\u00e1 presentarse en las tres fechas, de no aprobar el examen &nbsp;en ellas perder\u00e1 la cursada. No existe prorroga de ninguna \u00edndole. Las &nbsp;inscripciones para peritos, a los listados judiciales, est\u00e1n previstas para el mes &nbsp;de Septiembre de cada a\u00f1o.&nbsp;<\/p>\n\n\n\n<p><strong>DURACI\u00d3N<\/strong><strong>&nbsp;<\/strong><\/p>\n\n\n\n<p>Fecha de inicio: 22 de marzo de 2025&nbsp;<\/p>\n\n\n\n<p>Carga horaria: 48 horas.&nbsp;<\/p>\n\n\n\n<p>Para visualizar el cronograma <strong>click aqu\u00ed<\/strong><strong>&nbsp;<\/strong><\/p>\n\n\n\n<p>Consultas e informaci\u00f3n en capacitacion@colfarma.org.ar&nbsp;<\/p>\n\n\n\n<p><strong>CURSO A DISTANCIA&nbsp;<\/strong><\/p>\n\n\n\n<p>Este curso a distancia se desarrolla en el aula virtual del colegio de &nbsp;farmac\u00e9uticos de provincia de buenos aires, un espacio simb\u00f3lico en el que se &nbsp;produce la relaci\u00f3n entre los participantes del proceso de ense\u00f1anza \/ &nbsp;aprendizaje para interactuar entre s\u00ed, acceder a informaci\u00f3n relevante y &nbsp;desarrollar trabajo colaborativo.&nbsp;<\/p>\n\n\n\n<p>Se ha previsto desarrollar el curso bajo la modalidad e-learning, aplicando el &nbsp;principio de \u201caprender haciendo\u201d. La base de la metodolog\u00eda de formaci\u00f3n &nbsp;ser\u00e1 el trabajo aut\u00f3nomo del alumno, pero de manera guiada, enfatizando la &nbsp;realizaci\u00f3n de actividades.&nbsp;<\/p>\n\n\n\n<p>El montaje del aula virtual es posible gracias a la existencia del sistema de &nbsp;gesti\u00f3n de los aprendizajes o plataforma Moodle institucional. Se trata de un &nbsp;software instalado en un servidor web que se emplea para administrar, &nbsp;distribuir y controlar las actividades de formaci\u00f3n no presencial de la &nbsp;instituci\u00f3n.&nbsp;<\/p>\n\n\n\n<p>Las actividades en el aula virtual se organizan en torno a la idea de &nbsp;clase <strong>virtual asincr\u00f3nica <\/strong>de frecuencia semanal. Se caracteriza a la clase virtual como una forma de presentaci\u00f3n de los contenidos del curso en l\u00ednea a &nbsp;los que se suma una herramienta tecnol\u00f3gica potente que habilita el dise\u00f1o de &nbsp;espacios de interacci\u00f3n y de trabajo colaborativo.<\/p>\n\n\n\n<figure class=\"wp-block-image\"><img decoding=\"async\" src=\"https:\/\/lh7-rt.googleusercontent.com\/docsz\/AD_4nXeR7bqbc8c3bb9Ig9jqdzHmuGRTsupkb-kyJ9E2NVkTUHy44SWrq4v3zz3wXW33m1j0mSCtvwEE2-BSIpk3r8KjELbAvLYqxC3Rw1Dj1OZC1mHGXbjz0IKwZLUNxnSDzvQPhX5C?key=3SEmrn5vRnV5aihsWXrykurv\" alt=\"\"\/><\/figure>\n\n\n\n<p>El modelo incluye un decisivo cambio de eje, pasando desde el discurso &nbsp;expositivo docente hacia la actividad de quien aprende. Se habla de clase &nbsp;asincr\u00f3nica, pues los participantes y docentes se conectan a un espacio com\u00fan &nbsp;(el aula virtual) en tiempos (horarios) diferentes. No obstante, es posible &nbsp;desarrollar una rica interacci\u00f3n mediante las herramientas del aula virtual &nbsp;(correo interno, foros y anuncios) y otras exteriores provenientes de la &nbsp;tecnolog\u00eda 2.0 (blog, redes, plataformas de videos, encuestas interactivas). La &nbsp;clase virtual, de ritmo semanal ayuda a organizar el trayecto de los &nbsp;participantes, evitando que dejen el estudio para \u00faltimo momento, cuando ya &nbsp;se vencen las fechas de entrega de los informes o se acercan los ex\u00e1menes &nbsp;finales. Al entrar en una clase en el aula virtual el alumno observa un breve &nbsp;desarrollo de texto, el plan de trabajo de la clase y links de acceso a diversos &nbsp;recursos y actividades, seg\u00fan la programaci\u00f3n. Desde la pantalla de la clase, el &nbsp;estudiante puede acceder, seg\u00fan el caso, a las unidades de contenidos, lecturas &nbsp;obligatorias u optativas, a la agenda de actividades de la clase y a foros de &nbsp;debate.&nbsp;<\/p>\n\n\n\n<p>En algunos casos esta pantalla tambi\u00e9n puede contener incrustados videos &nbsp;producidos ad-hoc o recuperados desde repositorios digitales en internet.&nbsp;<\/p>\n\n\n\n<p>Los docentes act\u00faan en el aula como orientadores de los participantes y &nbsp;atienden sus consultas dentro de plazos prudenciales durante el per\u00edodo de &nbsp;cursado. Para ello, seg\u00fan el caso pueden utilizar herramientas auxiliares &nbsp;(correo del aula, secci\u00f3n de anuncios). Las clases se inician los d\u00edas s\u00e1bado y &nbsp;durante la semana se desarrollan diversas actividades seg\u00fan la programaci\u00f3n: &nbsp;estudio independiente asistido, foros de debate, autoevaluaciones, actividades &nbsp;pr\u00e1cticas en las que el participante puede trabajar en l\u00ednea y tambi\u00e9n off-line &nbsp;(es decir, desconectado, fuera del aula) en el caso en que deba preparar &nbsp;informes que luego deber\u00e1 subir en un espacio espec\u00edfico del aula virtual para &nbsp;ser visado por el docente.&nbsp;<\/p>\n\n\n\n<p>M\u00e1s all\u00e1 de las consultas que puedan formular los cursantes a los docentes &nbsp;mediante correo interno con el prop\u00f3sito de comprender o ampliar los temas &nbsp;introducidos en el material de estudio, se atribuye a la discusi\u00f3n grupal en &nbsp;foros gran potencialidad para el rescate de experiencias particulares de los &nbsp;propios cursantes tendientes a la construcci\u00f3n cooperativa de conocimiento &nbsp;aplicado y para la consolidaci\u00f3n de competencias profesionales.&nbsp;<\/p>\n\n\n\n<p><strong>Sistema de seguridad de la actividad a distancia<\/strong><strong> <\/strong>Una vez inscripto el alumno recibe un <strong>usuario y una clave <\/strong>mediante correo &nbsp;electr\u00f3nico. Con esos datos y la URL de la plataforma puede acceder al aula &nbsp;virtual del curso. Una vez dentro del aula virtual puede adoptar una clave &nbsp;secreta que deber\u00e1 recordar para el pr\u00f3ximo ingreso. Los mismos datos le&nbsp;<\/p>\n\n\n\n<figure class=\"wp-block-image\"><img decoding=\"async\" src=\"https:\/\/lh7-rt.googleusercontent.com\/docsz\/AD_4nXfa7IRP8cVTc5PsT8tK08KRRyScQ-GFmB0oWwWTkdaIqVBE3C2tPqKM0LaWusuKp80fLsNq4u9bdnsTQvE-3OuF5QL39DIp7mCoG4nW8iGEf5WeeIw6sPB9zENOUc3KClNFeAjNFQ?key=3SEmrn5vRnV5aihsWXrykurv\" alt=\"\"\/><\/figure>\n\n\n\n<p>permiten acceder a la plataforma desde el celular mediante la aplicaci\u00f3n &nbsp;moodle. El software utilizado permite aleatorizar las variables de modo que la &nbsp;ejercitaci\u00f3n o la pr\u00e1ctica al que accede cada participante es diferente al que se &nbsp;ofrece a sus compa\u00f1eros de cursada. En caso de eventuales problemas con &nbsp;internet u otros durante la realizaci\u00f3n de las clases se estudia el caso y se &nbsp;ofrece al alumno una soluci\u00f3n.&nbsp;<\/p>\n\n\n\n<p><strong>Descripci\u00f3n del material did\u00e1ctico utilizado en el tramo a distancia<\/strong><strong> <\/strong>En el desarrollo del curso se emplea material imprimible y videos producidos &nbsp;por el docente. Tambi\u00e9n se emplean art\u00edculos y videos recuperados desde &nbsp;fuentes digitales. El desarrollo de los foros implica el empleo de consignas &nbsp;originales y la utilizaci\u00f3n de materiales de apoyo recuperados desde &nbsp;repositorios digitales, la extensi\u00f3n de las unidades de estudio y la clase en la &nbsp;que se utilizan se detalla a continuaci\u00f3n:&nbsp;<\/p>\n\n\n\n<p><strong>Seguimiento y evaluaci\u00f3n de la actividad formativa.<\/strong><strong> <\/strong>Para acceder al examen final, el cursante <strong>deber\u00e1 participar activamente en <\/strong><strong>&nbsp;<\/strong><strong>los foros de debate tem\u00e1tico programados <\/strong>y ejecutar las participaciones en &nbsp;los foros grupales. Se considerar\u00e1 aprobada la instancia foro en la medida en &nbsp;que el participante <strong>intervenga al menos en una oportunidad<\/strong>, registrando un &nbsp;p\u00e1rrafo personal original que siga la secuencia del debate: no se admitir\u00e1 &nbsp;copiar y pegar o registros insustanciales.&nbsp;<\/p>\n\n\n\n<p><strong>La no participaci\u00f3n en alguno de los foros es limitante para acceder al <\/strong><strong>&nbsp;examen final.&nbsp;<\/strong><\/p>\n\n\n\n<p><strong>Evaluaci\u00f3n final por plataforma virtual.<\/strong><strong> <\/strong>Las instancias de evaluaci\u00f3n son virtuales siguiendo las pautas establecidas &nbsp;por la SCJBA, en las fechas establecidas que se publicaran oportunamente.-&nbsp;<\/p>\n\n\n\n<p>INSCRIPCI\u00d3N:&nbsp;<\/p>\n\n\n\n<p><strong><em>Son requisitos para la inscripci\u00f3n:<\/em><\/strong><strong><em>&nbsp;<\/em><\/strong><\/p>\n\n\n\n<p>\u2219 <em>Ser profesional matriculado en la Prov. de Buenos Aires, sin sanciones <\/em><em>&nbsp;<\/em><em>disciplinarias.<\/em><em>&nbsp;<\/em><\/p>\n\n\n\n<p>\u2219 <em>Certificado de \u00c9tica emitido por el Colegio Profesional al que <\/em><em>&nbsp;<\/em><em>pertenece.<\/em><em>&nbsp;<\/em><\/p>\n\n\n\n<p>\u2219 <em>Foto del T\u00edtulo anverso y reverso.<\/em><em>&nbsp;<\/em><\/p>\n\n\n\n<p>\u2219 <em>Foto del D.N.I.<\/em><em>&nbsp;<\/em><\/p>\n\n\n\n<p>La documentaci\u00f3n debe ser enviada por correo electr\u00f3nico a &nbsp;capacitacion@colfarma.org.ar<\/p>\n\n\n\n<figure class=\"wp-block-image\"><img decoding=\"async\" src=\"https:\/\/lh7-rt.googleusercontent.com\/docsz\/AD_4nXfE6q3mjTdy9pxLLn9_DGHEsgNORRacBmjG3pUJOtLvY5vqYKpjajYb6ollNv3y3ezwgl0uy2kKCzpOLuHl6KdWKgo76eJR0MkYhQx4xudaCad55oC8eWmC6lJGvbt2lUDWLgLb?key=3SEmrn5vRnV5aihsWXrykurv\" alt=\"\"\/><\/figure>\n\n\n\n<p><strong>Matriculados Farmac\u00e9uticos: $ 90.000<\/strong><strong> <\/strong>Hasta en 3 cuotas.&nbsp;<\/p>\n\n\n\n<p><strong>Otros Cursantes: $110.000<\/strong><strong>&nbsp;<\/strong><\/p>\n\n\n\n<p>Contado \/ Transferencia Bancaria. <strong>Para realizar la ficha de Inscripci\u00f3n:&nbsp; <\/strong>Otros cursantes<strong>: <\/strong><strong>Click aqu\u00ed<\/strong><\/p>\n","protected":false},"excerpt":{"rendered":"<p>Capacitaci\u00f3n en PR\u00c1CTICA PROCESAL PARA &nbsp;PERITOS 2025 \u2013 1\u00ba Semestre&nbsp; Acordada 2728\/96 conforme las resoluciones 2329\/96 y 494\/22 de la SCBA \u2013 SCJPBA \u2013 Primer Semestre.&nbsp; El Colegio de Farmac\u00e9uticos de la Provincia de Buenos Aires informa sobre &nbsp;el curso a distancia: \u201cPr\u00e1ctica Procesal para Peritos\u00bb, destinado a &nbsp;Farmac\u00e9uticos, y todo profesional que se encuentre [&hellip;]<\/p>\n","protected":false},"author":5,"featured_media":0,"comment_status":"closed","ping_status":"closed","sticky":false,"template":"","format":"standard","meta":{"_et_pb_use_builder":"off","_et_pb_old_content":"","_et_gb_content_width":"","inline_featured_image":false,"footnotes":""},"categories":[10,12],"tags":[],"class_list":["post-4222","post","type-post","status-publish","format-standard","hentry","category-principal","category-secunadaria"],"_links":{"self":[{"href":"https:\/\/colmed1.org.ar\/web\/index.php\/wp-json\/wp\/v2\/posts\/4222","targetHints":{"allow":["GET"]}}],"collection":[{"href":"https:\/\/colmed1.org.ar\/web\/index.php\/wp-json\/wp\/v2\/posts"}],"about":[{"href":"https:\/\/colmed1.org.ar\/web\/index.php\/wp-json\/wp\/v2\/types\/post"}],"author":[{"embeddable":true,"href":"https:\/\/colmed1.org.ar\/web\/index.php\/wp-json\/wp\/v2\/users\/5"}],"replies":[{"embeddable":true,"href":"https:\/\/colmed1.org.ar\/web\/index.php\/wp-json\/wp\/v2\/comments?post=4222"}],"version-history":[{"count":1,"href":"https:\/\/colmed1.org.ar\/web\/index.php\/wp-json\/wp\/v2\/posts\/4222\/revisions"}],"predecessor-version":[{"id":4223,"href":"https:\/\/colmed1.org.ar\/web\/index.php\/wp-json\/wp\/v2\/posts\/4222\/revisions\/4223"}],"wp:attachment":[{"href":"https:\/\/colmed1.org.ar\/web\/index.php\/wp-json\/wp\/v2\/media?parent=4222"}],"wp:term":[{"taxonomy":"category","embeddable":true,"href":"https:\/\/colmed1.org.ar\/web\/index.php\/wp-json\/wp\/v2\/categories?post=4222"},{"taxonomy":"post_tag","embeddable":true,"href":"https:\/\/colmed1.org.ar\/web\/index.php\/wp-json\/wp\/v2\/tags?post=4222"}],"curies":[{"name":"wp","href":"https:\/\/api.w.org\/{rel}","templated":true}]}}