{"id":4261,"date":"2025-03-26T10:55:20","date_gmt":"2025-03-26T13:55:20","guid":{"rendered":"https:\/\/colmed1.org.ar\/web\/?p=4261"},"modified":"2025-03-26T10:55:21","modified_gmt":"2025-03-26T13:55:21","slug":"seleccion-de-cargo-en-el-hospital-espanol","status":"publish","type":"post","link":"https:\/\/colmed1.org.ar\/web\/index.php\/2025\/03\/26\/seleccion-de-cargo-en-el-hospital-espanol\/","title":{"rendered":"Selecci\u00f3n de cargo en el Hospital Espa\u00f1ol"},"content":{"rendered":"\n<p>El Colegio de M\u00e9dicos Distrito I informa que se encuentra abierto un nuevo llamado a Selecci\u00f3n para un cargo para las Residencias de Cl\u00ednica M\u00e9dica y Cl\u00ednica Quir\u00fargica del Hospital Espa\u00f1ol de La Plata.<\/p>\n\n\n\n<p>Los postulantes deben tener hasta 29 a\u00f1os&nbsp; e inscribirse por mail a <a href=\"mailto:direccion@hospitalespanol.com\">direccion@hospitalespanol.com<\/a>, adjuntando CV y anal\u00edtico.<\/p>\n\n\n\n<p>Se adjunta informaci\u00f3n:<\/p>\n\n\n\n<figure class=\"wp-block-gallery has-nested-images columns-default is-cropped wp-block-gallery-1 is-layout-flex wp-block-gallery-is-layout-flex\">\n<figure class=\"wp-block-image size-large\"><img loading=\"lazy\" decoding=\"async\" width=\"1024\" height=\"668\" data-id=\"4263\" src=\"https:\/\/colmed1.org.ar\/web\/wp-content\/uploads\/2025\/03\/colmed-1-1-1024x668.png\" alt=\"\" class=\"wp-image-4263\" srcset=\"https:\/\/colmed1.org.ar\/web\/wp-content\/uploads\/2025\/03\/colmed-1-1-980x639.png 980w, https:\/\/colmed1.org.ar\/web\/wp-content\/uploads\/2025\/03\/colmed-1-1-480x313.png 480w\" sizes=\"(min-width: 0px) and (max-width: 480px) 480px, (min-width: 481px) and (max-width: 980px) 980px, (min-width: 981px) 1024px, 100vw\" \/><\/figure>\n\n\n\n<figure class=\"wp-block-image size-large\"><img loading=\"lazy\" decoding=\"async\" width=\"1024\" height=\"668\" data-id=\"4264\" src=\"https:\/\/colmed1.org.ar\/web\/wp-content\/uploads\/2025\/03\/colmed-2-1024x668.png\" alt=\"\" class=\"wp-image-4264\" srcset=\"https:\/\/colmed1.org.ar\/web\/wp-content\/uploads\/2025\/03\/colmed-2-980x639.png 980w, https:\/\/colmed1.org.ar\/web\/wp-content\/uploads\/2025\/03\/colmed-2-480x313.png 480w\" sizes=\"(min-width: 0px) and (max-width: 480px) 480px, (min-width: 481px) and (max-width: 980px) 980px, (min-width: 981px) 1024px, 100vw\" \/><\/figure>\n<\/figure>\n","protected":false},"excerpt":{"rendered":"<p>El Colegio de M\u00e9dicos Distrito I informa que se encuentra abierto un nuevo llamado a Selecci\u00f3n para un cargo para las Residencias de Cl\u00ednica M\u00e9dica y Cl\u00ednica Quir\u00fargica del Hospital Espa\u00f1ol de La Plata. Los postulantes deben tener hasta 29 a\u00f1os&nbsp; e inscribirse por mail a direccion@hospitalespanol.com, adjuntando CV y anal\u00edtico. Se adjunta informaci\u00f3n:<\/p>\n","protected":false},"author":5,"featured_media":0,"comment_status":"closed","ping_status":"closed","sticky":false,"template":"","format":"standard","meta":{"_et_pb_use_builder":"off","_et_pb_old_content":"","_et_gb_content_width":"","inline_featured_image":false,"footnotes":""},"categories":[15,12],"tags":[],"class_list":["post-4261","post","type-post","status-publish","format-standard","hentry","category-bolsa-de-trabajo","category-secunadaria"],"_links":{"self":[{"href":"https:\/\/colmed1.org.ar\/web\/index.php\/wp-json\/wp\/v2\/posts\/4261","targetHints":{"allow":["GET"]}}],"collection":[{"href":"https:\/\/colmed1.org.ar\/web\/index.php\/wp-json\/wp\/v2\/posts"}],"about":[{"href":"https:\/\/colmed1.org.ar\/web\/index.php\/wp-json\/wp\/v2\/types\/post"}],"author":[{"embeddable":true,"href":"https:\/\/colmed1.org.ar\/web\/index.php\/wp-json\/wp\/v2\/users\/5"}],"replies":[{"embeddable":true,"href":"https:\/\/colmed1.org.ar\/web\/index.php\/wp-json\/wp\/v2\/comments?post=4261"}],"version-history":[{"count":1,"href":"https:\/\/colmed1.org.ar\/web\/index.php\/wp-json\/wp\/v2\/posts\/4261\/revisions"}],"predecessor-version":[{"id":4265,"href":"https:\/\/colmed1.org.ar\/web\/index.php\/wp-json\/wp\/v2\/posts\/4261\/revisions\/4265"}],"wp:attachment":[{"href":"https:\/\/colmed1.org.ar\/web\/index.php\/wp-json\/wp\/v2\/media?parent=4261"}],"wp:term":[{"taxonomy":"category","embeddable":true,"href":"https:\/\/colmed1.org.ar\/web\/index.php\/wp-json\/wp\/v2\/categories?post=4261"},{"taxonomy":"post_tag","embeddable":true,"href":"https:\/\/colmed1.org.ar\/web\/index.php\/wp-json\/wp\/v2\/tags?post=4261"}],"curies":[{"name":"wp","href":"https:\/\/api.w.org\/{rel}","templated":true}]}}