{"id":4266,"date":"2025-03-26T15:36:26","date_gmt":"2025-03-26T18:36:26","guid":{"rendered":"https:\/\/colmed1.org.ar\/web\/?p=4266"},"modified":"2025-04-09T09:17:27","modified_gmt":"2025-04-09T12:17:27","slug":"el-distrito-i-del-colegio-de-medicos-repudia-los-hechos-de-violencia-en-el-hospital-san-roque","status":"publish","type":"post","link":"https:\/\/colmed1.org.ar\/web\/index.php\/2025\/03\/26\/el-distrito-i-del-colegio-de-medicos-repudia-los-hechos-de-violencia-en-el-hospital-san-roque\/","title":{"rendered":"El Distrito I del Colegio de M\u00e9dicos repudia los hechos de violencia en el hospital San Roque"},"content":{"rendered":"[et_pb_section admin_label=\u00bbsection\u00bb]\n\t\t\t[et_pb_row admin_label=\u00bbrow\u00bb]\n\t\t\t\t[et_pb_column type=\u00bb4_4&#8243;][et_pb_text admin_label=\u00bbText\u00bb]\n<p>El Distrito I del Colegio de M\u00e9dicos de la Provincia de Buenos Aires expresa su m\u00e1s en\u00e9rgico repudio a los graves hechos de violencia suscitados en el Hospital San Roque de Gonnet, en los cuales corri\u00f3 riesgo la vida de los pacientes y del personal del Equipo de Salud.<\/p>\n\n\n\n<p>Lamentablemente, hechos como \u00e9ste constituyen una constante en todo el Sistema Hospitalario P\u00fablico y Privado, conformando una realidad naturalizada, en la cual los m\u00e9dicos y los profesionales de la Salud se encuentran en un estado de indefensi\u00f3n plena.<\/p>\n\n\n\n<p>Ante esto, nuestra instituci\u00f3n espera que se plasmen pol\u00edticas y acciones efectivas que tiendan a revertir el flagelo de la violencia intrahospitalaria de manera integral, favoreciendo as\u00ed las condiciones y la calidad de la atenci\u00f3n.<\/p>\n\n\n\n<p>En este sentido, hacemos manifiesta nuestra voluntad de que los responsables de este suceso, sean juzgados con todo el peso de la Ley.<\/p>\n\n\n\n<p class=\"has-text-align-center\">MESA DIRECTIVA<\/p>\n\n\n\n<p class=\"has-text-align-center\">COLEGIO DE M\u00c9DICOS DE LA PROVINCIA DE BUENOS AIRES<\/p>\n\n\n\n<p class=\"has-text-align-center\">DISTRITO I<\/p>\n[\/et_pb_text][\/et_pb_column]\n\t\t\t[\/et_pb_row]\n\t\t[\/et_pb_section]","protected":false},"excerpt":{"rendered":"<p>El Distrito I del Colegio de M\u00e9dicos de la Provincia de Buenos Aires expresa su m\u00e1s en\u00e9rgico repudio a los graves hechos de violencia suscitados en el Hospital San Roque de Gonnet, en los cuales corri\u00f3 riesgo la vida de los pacientes y del personal del Equipo de Salud. Lamentablemente, hechos como \u00e9ste constituyen una [&hellip;]<\/p>\n","protected":false},"author":5,"featured_media":4267,"comment_status":"closed","ping_status":"closed","sticky":false,"template":"","format":"standard","meta":{"_et_pb_use_builder":"on","_et_pb_old_content":"<!-- wp:paragraph -->\n<p>El Distrito I del Colegio de M\u00e9dicos de la Provincia de Buenos Aires expresa su m\u00e1s en\u00e9rgico repudio a los graves hechos de violencia suscitados en el Hospital San Roque de Gonnet, en los cuales corri\u00f3 riesgo la vida de los pacientes y del personal del Equipo de Salud.<\/p>\n<!-- \/wp:paragraph -->\n\n<!-- wp:paragraph -->\n<p>Lamentablemente, hechos como \u00e9ste constituyen una constante en todo el Sistema Hospitalario P\u00fablico y Privado, conformando una realidad naturalizada, en la cual los m\u00e9dicos y los profesionales de la Salud se encuentran en un estado de indefensi\u00f3n plena.<\/p>\n<!-- \/wp:paragraph -->\n\n<!-- wp:paragraph -->\n<p>Ante esto, nuestra instituci\u00f3n espera que se plasmen pol\u00edticas y acciones efectivas que tiendan a revertir el flagelo de la violencia intrahospitalaria de manera integral, favoreciendo as\u00ed las condiciones y la calidad de la atenci\u00f3n.<\/p>\n<!-- \/wp:paragraph -->\n\n<!-- wp:paragraph -->\n<p>En este sentido, hacemos manifiesta nuestra voluntad de que los responsables de este suceso, sean juzgados con todo el peso de la Ley.<\/p>\n<!-- \/wp:paragraph -->\n\n<!-- wp:paragraph {\"align\":\"center\"} -->\n<p class=\"has-text-align-center\">MESA DIRECTIVA<\/p>\n<!-- \/wp:paragraph -->\n\n<!-- wp:paragraph {\"align\":\"center\"} -->\n<p class=\"has-text-align-center\">COLEGIO DE M\u00c9DICOS DE LA PROVINCIA DE BUENOS AIRES<\/p>\n<!-- \/wp:paragraph -->\n\n<!-- wp:paragraph {\"align\":\"center\"} -->\n<p class=\"has-text-align-center\">DISTRITO I<\/p>\n<!-- \/wp:paragraph -->","_et_gb_content_width":"","inline_featured_image":false,"footnotes":""},"categories":[10,12],"tags":[],"class_list":["post-4266","post","type-post","status-publish","format-standard","has-post-thumbnail","hentry","category-principal","category-secunadaria"],"_links":{"self":[{"href":"https:\/\/colmed1.org.ar\/web\/index.php\/wp-json\/wp\/v2\/posts\/4266","targetHints":{"allow":["GET"]}}],"collection":[{"href":"https:\/\/colmed1.org.ar\/web\/index.php\/wp-json\/wp\/v2\/posts"}],"about":[{"href":"https:\/\/colmed1.org.ar\/web\/index.php\/wp-json\/wp\/v2\/types\/post"}],"author":[{"embeddable":true,"href":"https:\/\/colmed1.org.ar\/web\/index.php\/wp-json\/wp\/v2\/users\/5"}],"replies":[{"embeddable":true,"href":"https:\/\/colmed1.org.ar\/web\/index.php\/wp-json\/wp\/v2\/comments?post=4266"}],"version-history":[{"count":2,"href":"https:\/\/colmed1.org.ar\/web\/index.php\/wp-json\/wp\/v2\/posts\/4266\/revisions"}],"predecessor-version":[{"id":4301,"href":"https:\/\/colmed1.org.ar\/web\/index.php\/wp-json\/wp\/v2\/posts\/4266\/revisions\/4301"}],"wp:featuredmedia":[{"embeddable":true,"href":"https:\/\/colmed1.org.ar\/web\/index.php\/wp-json\/wp\/v2\/media\/4267"}],"wp:attachment":[{"href":"https:\/\/colmed1.org.ar\/web\/index.php\/wp-json\/wp\/v2\/media?parent=4266"}],"wp:term":[{"taxonomy":"category","embeddable":true,"href":"https:\/\/colmed1.org.ar\/web\/index.php\/wp-json\/wp\/v2\/categories?post=4266"},{"taxonomy":"post_tag","embeddable":true,"href":"https:\/\/colmed1.org.ar\/web\/index.php\/wp-json\/wp\/v2\/tags?post=4266"}],"curies":[{"name":"wp","href":"https:\/\/api.w.org\/{rel}","templated":true}]}}