{"id":4329,"date":"2025-04-23T11:47:42","date_gmt":"2025-04-23T14:47:42","guid":{"rendered":"https:\/\/colmed1.org.ar\/web\/?p=4329"},"modified":"2025-04-29T08:50:40","modified_gmt":"2025-04-29T11:50:40","slug":"residencia-en-clinica-de-ojos-la-plata","status":"publish","type":"post","link":"https:\/\/colmed1.org.ar\/web\/index.php\/2025\/04\/23\/residencia-en-clinica-de-ojos-la-plata\/","title":{"rendered":"Residencia en Cl\u00ednica de Ojos La Plata"},"content":{"rendered":"\n<p>El Colegio de M\u00e9dicos de La Provincia de Buenos Aires, Distrito I, informa a sus matriculados que se encuentra abierta la inscripci\u00f3n a la residencia oftalmol\u00f3gica en la Cl\u00ednica de Ojos La Plata.<\/p>\n\n\n\n<p>El examen de ingreso se realizar\u00e1 el 14\/05\/ 2025 a las 9 hs, las entrevistas est\u00e1n programadas para el d\u00eda 21\/05\/2025.<\/p>\n\n\n\n<p>La residencia iniciar\u00e1 el d\u00eda 2 de junio del 2025 a las ocho horas.<\/p>\n\n\n\n<p>Cupos Libres: 2<\/p>\n","protected":false},"excerpt":{"rendered":"<p>El Colegio de M\u00e9dicos de La Provincia de Buenos Aires, Distrito I, informa a sus matriculados que se encuentra abierta la inscripci\u00f3n a la residencia oftalmol\u00f3gica en la Cl\u00ednica de Ojos La Plata. El examen de ingreso se realizar\u00e1 el 14\/05\/ 2025 a las 9 hs, las entrevistas est\u00e1n programadas para el d\u00eda 21\/05\/2025. La [&hellip;]<\/p>\n","protected":false},"author":5,"featured_media":0,"comment_status":"closed","ping_status":"closed","sticky":false,"template":"","format":"standard","meta":{"_et_pb_use_builder":"off","_et_pb_old_content":"<!-- wp:paragraph -->\n<p>El Colegio de M\u00e9dicos de La Provincia de Buenos Aires, Distrito I, informa a sus matriculados que se encuentra abierta la inscripci\u00f3n a la residencia oftalmol\u00f3gica en la Cl\u00ednica de Ojos La Plata.<\/p>\n<!-- \/wp:paragraph -->\n\n<!-- wp:paragraph -->\n<p>El examen de ingreso se realizar\u00e1 el 14\/05\/ 2025 a las 9 hs, las entrevistas est\u00e1n programadas para el d\u00eda 21\/05\/2025.<\/p>\n<!-- \/wp:paragraph -->\n\n<!-- wp:paragraph -->\n<p>La residencia iniciar\u00e1 el d\u00eda 2 de junio del 2025 a las ocho horas.<\/p>\n<!-- \/wp:paragraph -->\n\n<!-- wp:paragraph -->\n<p>Cupos Libres: 2<\/p>\n<!-- \/wp:paragraph -->","_et_gb_content_width":"","inline_featured_image":false,"footnotes":""},"categories":[10],"tags":[],"class_list":["post-4329","post","type-post","status-publish","format-standard","hentry","category-principal"],"_links":{"self":[{"href":"https:\/\/colmed1.org.ar\/web\/index.php\/wp-json\/wp\/v2\/posts\/4329","targetHints":{"allow":["GET"]}}],"collection":[{"href":"https:\/\/colmed1.org.ar\/web\/index.php\/wp-json\/wp\/v2\/posts"}],"about":[{"href":"https:\/\/colmed1.org.ar\/web\/index.php\/wp-json\/wp\/v2\/types\/post"}],"author":[{"embeddable":true,"href":"https:\/\/colmed1.org.ar\/web\/index.php\/wp-json\/wp\/v2\/users\/5"}],"replies":[{"embeddable":true,"href":"https:\/\/colmed1.org.ar\/web\/index.php\/wp-json\/wp\/v2\/comments?post=4329"}],"version-history":[{"count":3,"href":"https:\/\/colmed1.org.ar\/web\/index.php\/wp-json\/wp\/v2\/posts\/4329\/revisions"}],"predecessor-version":[{"id":4341,"href":"https:\/\/colmed1.org.ar\/web\/index.php\/wp-json\/wp\/v2\/posts\/4329\/revisions\/4341"}],"wp:attachment":[{"href":"https:\/\/colmed1.org.ar\/web\/index.php\/wp-json\/wp\/v2\/media?parent=4329"}],"wp:term":[{"taxonomy":"category","embeddable":true,"href":"https:\/\/colmed1.org.ar\/web\/index.php\/wp-json\/wp\/v2\/categories?post=4329"},{"taxonomy":"post_tag","embeddable":true,"href":"https:\/\/colmed1.org.ar\/web\/index.php\/wp-json\/wp\/v2\/tags?post=4329"}],"curies":[{"name":"wp","href":"https:\/\/api.w.org\/{rel}","templated":true}]}}