{"id":4331,"date":"2025-04-23T11:54:34","date_gmt":"2025-04-23T14:54:34","guid":{"rendered":"https:\/\/colmed1.org.ar\/web\/?p=4331"},"modified":"2025-04-29T08:52:31","modified_gmt":"2025-04-29T11:52:31","slug":"ateneo-sobre-resonancia-magnetica-fetal-placentaria","status":"publish","type":"post","link":"https:\/\/colmed1.org.ar\/web\/index.php\/2025\/04\/23\/ateneo-sobre-resonancia-magnetica-fetal-placentaria\/","title":{"rendered":"Ateneo sobre Resonancia Magn\u00e9tica Fetal Placentaria\u00a0"},"content":{"rendered":"\n[et_pb_section][et_pb_row][et_pb_column type=\u00bb4_4&#8243;][et_pb_text]<!-- divi:paragraph -->\n<p>El Colegio de M\u00e9dicos de la Provincia de Buenos Aires, Distrito I, informa a sus matriculados que se realizar\u00e1 el&nbsp;Ateneo de Resonancia Magn\u00e9tica Fetal Placentaria, un espacio de actualizaci\u00f3n y discusi\u00f3n interdisciplinaria sobre esta valiosa herramienta de diagn\u00f3stico en el \u00e1mbito materno-fetal.<\/p>\n<!-- \/divi:paragraph -->\n\n<!-- divi:paragraph -->\n<p><strong>&nbsp;Fecha:<\/strong>&nbsp;25\/04\/2025&nbsp;<strong><\/strong><\/p>\n<!-- \/divi:paragraph -->\n\n<!-- divi:paragraph -->\n<p><strong>&nbsp;Hora :<\/strong>&nbsp;18:00 HS.<br><strong>&nbsp;Lugar :<\/strong>&nbsp;iNOVA Diagnostico por Im\u00e1genes<br><strong>&nbsp;Disertantes:<\/strong>&nbsp;Dra. Vargas Mar\u00eda Victoria Elizabeth<\/p>\n<!-- \/divi:paragraph -->\n\n<!-- divi:paragraph -->\n<p><strong>Modalidad:<\/strong>&nbsp;Presencial\/online<\/p>\n<!-- \/divi:paragraph -->\n\n<!-- divi:paragraph -->\n<p>Durante el encuentro se presentar\u00e1n casos cl\u00ednicos relevantes, se revisar\u00e1n hallazgos imagenol\u00f3gicos caracter\u00edsticos y se abordar\u00e1n aspectos t\u00e9cnicos y cl\u00ednicos de esta t\u00e9cnica avanzada.<\/p>\n<!-- \/divi:paragraph -->\n\n<!-- divi:paragraph -->\n<p>El objetivo es generar un espacio de intercambio entre especialistas en diagn\u00f3stico por im\u00e1genes, obstetricia, medicina fetal y otras disciplinas relacionadas.<\/p>\n<!-- \/divi:paragraph -->\n\n<!-- divi:paragraph -->\n<p><strong>Confirmaci\u00f3n de asistencia:<\/strong><br>Agradecemos confirmar su participaci\u00f3n respondiendo a este correo y\/o mensaje.<\/p>\n<!-- \/divi:paragraph -->\n\n<!-- divi:paragraph -->\n<p>Esperamos contar con su presencia y enriquecedora participaci\u00f3n.<\/p>\n<!-- \/divi:paragraph -->\n\n<!-- divi:paragraph -->\n<p><strong>Enlace:<\/strong><\/p>\n<!-- \/divi:paragraph -->\n\n<!-- divi:paragraph -->\n<p>Enlace:<\/p>\n<!-- \/divi:paragraph -->\n\n<!-- divi:paragraph -->\n<p>\u00danase a la reuni\u00f3n de Zoom<br><a href=\"https:\/\/www.google.com\/url?q=https:\/\/us02web.zoom.us\/j\/82435133778?pwd%3DBPvS1XFbnGHvGGSvtJwm9BEMOy7H76.1&amp;sa=D&amp;source=calendar&amp;usd=2&amp;usg=AOvVaw1hXfWvVU1O7e9m9xKy9yTV\" target=\"_blank\" rel=\"noreferrer noopener\">https:\/\/us02web.zoom.us\/j\/82435133778?pwd=BPvS1XFbnGHvGGSvtJwm9BEMOy7H76.1<\/a><br><br>ID de reuni\u00f3n: 824 3513 3778<br>C\u00f3digo de acceso: 481244<\/p>\n<!-- \/divi:paragraph -->[\/et_pb_text][\/et_pb_column][\/et_pb_row][\/et_pb_section]\n","protected":false},"excerpt":{"rendered":"<p><div class=\"et_pb_section et_pb_section_0 et_section_regular\" >\n\t\t\t\t\n\t\t\t\t\n\t\t\t\t\n\t\t\t\t\n\t\t\t\t\n\t\t\t\t\n\t\t\t\t\n\t\t\t\t\n\t\t\t\t\n\t\t\t<\/div><div class=\"et_pb_row et_pb_row_0 et_pb_row_empty\">\n\t\t\t\t\n\t\t\t\t\n\t\t\t\t\n\t\t\t\t\n\t\t\t\t\n\t\t\t<\/div><div class=\"et_pb_module et_pb_text et_pb_text_0  et_pb_text_align_left et_pb_bg_layout_light\">\n\t\t\t\t\n\t\t\t\t\n\t\t\t\t\n\t\t\t\t\n\t\t\t\t\n\t\t\t<\/div> El Colegio de M\u00e9dicos de la Provincia de Buenos Aires, Distrito I, informa a sus matriculados que se realizar\u00e1 el&nbsp;Ateneo de Resonancia Magn\u00e9tica Fetal Placentaria, un espacio de actualizaci\u00f3n y discusi\u00f3n interdisciplinaria sobre esta valiosa herramienta de diagn\u00f3stico en el \u00e1mbito materno-fetal. &nbsp;Fecha:&nbsp;25\/04\/2025&nbsp; &nbsp;Hora :&nbsp;18:00 HS.&nbsp;Lugar :&nbsp;iNOVA Diagnostico por Im\u00e1genes&nbsp;Disertantes:&nbsp;Dra. Vargas Mar\u00eda Victoria Elizabeth [&hellip;]<\/p>\n","protected":false},"author":5,"featured_media":0,"comment_status":"closed","ping_status":"closed","sticky":false,"template":"","format":"standard","meta":{"_et_pb_use_builder":"on","_et_pb_old_content":"<!-- wp:paragraph -->\n<p>El Colegio de M\u00e9dicos de la Provincia de Buenos Aires, Distrito I, informa a sus matriculados que se realizar\u00e1 el&nbsp;Ateneo de Resonancia Magn\u00e9tica Fetal Placentaria, un espacio de actualizaci\u00f3n y discusi\u00f3n interdisciplinaria sobre esta valiosa herramienta de diagn\u00f3stico en el \u00e1mbito materno-fetal.<\/p>\n<!-- \/wp:paragraph -->\n\n<!-- wp:paragraph -->\n<p><strong>&nbsp;Fecha:<\/strong>&nbsp;25\/04\/2025&nbsp;<strong><\/strong><\/p>\n<!-- \/wp:paragraph -->\n\n<!-- wp:paragraph -->\n<p><strong>&nbsp;Hora :<\/strong>&nbsp;18:00 HS.<br><strong>&nbsp;Lugar :<\/strong>&nbsp;iNOVA Diagnostico por Im\u00e1genes<br><strong>&nbsp;Disertantes:<\/strong>&nbsp;Dra. Vargas Mar\u00eda Victoria Elizabeth<\/p>\n<!-- \/wp:paragraph -->\n\n<!-- wp:paragraph -->\n<p><strong>Modalidad:<\/strong>&nbsp;Presencial\/online<\/p>\n<!-- \/wp:paragraph -->\n\n<!-- wp:paragraph -->\n<p>Durante el encuentro se presentar\u00e1n casos cl\u00ednicos relevantes, se revisar\u00e1n hallazgos imagenol\u00f3gicos caracter\u00edsticos y se abordar\u00e1n aspectos t\u00e9cnicos y cl\u00ednicos de esta t\u00e9cnica avanzada.<\/p>\n<!-- \/wp:paragraph -->\n\n<!-- wp:paragraph -->\n<p>El objetivo es generar un espacio de intercambio entre especialistas en diagn\u00f3stico por im\u00e1genes, obstetricia, medicina fetal y otras disciplinas relacionadas.<\/p>\n<!-- \/wp:paragraph -->\n\n<!-- wp:paragraph -->\n<p><strong>Confirmaci\u00f3n de asistencia:<\/strong><br>Agradecemos confirmar su participaci\u00f3n respondiendo a este correo y\/o mensaje.<\/p>\n<!-- \/wp:paragraph -->\n\n<!-- wp:paragraph -->\n<p>Esperamos contar con su presencia y enriquecedora participaci\u00f3n.<\/p>\n<!-- \/wp:paragraph -->\n\n<!-- wp:paragraph -->\n<p><strong>Enlace:<\/strong><\/p>\n<!-- \/wp:paragraph -->\n\n<!-- wp:paragraph -->\n<p>Enlace:<\/p>\n<!-- \/wp:paragraph -->\n\n<!-- wp:paragraph -->\n<p>\u00danase a la reuni\u00f3n de Zoom<br><a href=\"https:\/\/www.google.com\/url?q=https:\/\/us02web.zoom.us\/j\/82435133778?pwd%3DBPvS1XFbnGHvGGSvtJwm9BEMOy7H76.1&amp;sa=D&amp;source=calendar&amp;usd=2&amp;usg=AOvVaw1hXfWvVU1O7e9m9xKy9yTV\" target=\"_blank\" rel=\"noreferrer noopener\">https:\/\/us02web.zoom.us\/j\/82435133778?pwd=BPvS1XFbnGHvGGSvtJwm9BEMOy7H76.1<\/a><br><br>ID de reuni\u00f3n: 824 3513 3778<br>C\u00f3digo de acceso: 481244<\/p>\n<!-- \/wp:paragraph -->","_et_gb_content_width":"","inline_featured_image":false,"footnotes":""},"categories":[10],"tags":[],"class_list":["post-4331","post","type-post","status-publish","format-standard","hentry","category-principal"],"_links":{"self":[{"href":"https:\/\/colmed1.org.ar\/web\/index.php\/wp-json\/wp\/v2\/posts\/4331","targetHints":{"allow":["GET"]}}],"collection":[{"href":"https:\/\/colmed1.org.ar\/web\/index.php\/wp-json\/wp\/v2\/posts"}],"about":[{"href":"https:\/\/colmed1.org.ar\/web\/index.php\/wp-json\/wp\/v2\/types\/post"}],"author":[{"embeddable":true,"href":"https:\/\/colmed1.org.ar\/web\/index.php\/wp-json\/wp\/v2\/users\/5"}],"replies":[{"embeddable":true,"href":"https:\/\/colmed1.org.ar\/web\/index.php\/wp-json\/wp\/v2\/comments?post=4331"}],"version-history":[{"count":2,"href":"https:\/\/colmed1.org.ar\/web\/index.php\/wp-json\/wp\/v2\/posts\/4331\/revisions"}],"predecessor-version":[{"id":4342,"href":"https:\/\/colmed1.org.ar\/web\/index.php\/wp-json\/wp\/v2\/posts\/4331\/revisions\/4342"}],"wp:attachment":[{"href":"https:\/\/colmed1.org.ar\/web\/index.php\/wp-json\/wp\/v2\/media?parent=4331"}],"wp:term":[{"taxonomy":"category","embeddable":true,"href":"https:\/\/colmed1.org.ar\/web\/index.php\/wp-json\/wp\/v2\/categories?post=4331"},{"taxonomy":"post_tag","embeddable":true,"href":"https:\/\/colmed1.org.ar\/web\/index.php\/wp-json\/wp\/v2\/tags?post=4331"}],"curies":[{"name":"wp","href":"https:\/\/api.w.org\/{rel}","templated":true}]}}