{"id":4514,"date":"2025-07-02T14:14:53","date_gmt":"2025-07-02T17:14:53","guid":{"rendered":"https:\/\/colmed1.org.ar\/web\/?p=4514"},"modified":"2025-08-22T14:54:59","modified_gmt":"2025-08-22T17:54:59","slug":"el-distrito-i-del-colegio-de-medicos-de-la-provincia-de-buenos-aires-renovo-sus-autoridades","status":"publish","type":"post","link":"https:\/\/colmed1.org.ar\/web\/index.php\/2025\/07\/02\/el-distrito-i-del-colegio-de-medicos-de-la-provincia-de-buenos-aires-renovo-sus-autoridades\/","title":{"rendered":"El Distrito I del Colegio de M\u00e9dicos de la Provincia de Buenos Aires renov\u00f3 sus autoridades"},"content":{"rendered":"[et_pb_section admin_label=\u00bbsection\u00bb]\n\t\t\t[et_pb_row admin_label=\u00bbrow\u00bb]\n\t\t\t\t[et_pb_column type=\u00bb4_4&#8243;][et_pb_text admin_label=\u00bbText\u00bb]\n<p>Tras haberse realizado la Reuni\u00f3n Constitutiva en el Distrito I del Colegio de M\u00e9dicos de la Provincia de Buenos Aires, qued\u00f3 oficialmente designada y proclamada la nueva comisi\u00f3n directiva de la instituci\u00f3n con el Dr. Jorge Mazzone como presidente; la Dra. Mirta Edelmira Praglia, como vicepresidenta; el Dr. Julio C\u00e9sar Moreno, como secretario general; el Dr. Rodolfo Rezek y Laurino, como prosecretario; el Dr. Hugo Ghiani, como tesorero; el Dr. Pablo Gal\u00e1n, como protesorero; y la Dra. Mar\u00eda Laura Caputo, como secretaria de actas.<\/p>\n\n\n\n<p>Adem\u00e1s, en la ocasi\u00f3n se realizaron tambi\u00e9n las designaciones del Dr. Gustavo Castagnetto, como gerente m\u00e9dico;&nbsp; del Dr. Gustavo Marinucci, como secretario de Prensa y Difusi\u00f3n; y del Dr. Alejandro Abbiatti, como secretario de Obra y Mantenimiento.<\/p>\n\n\n\n<p>En tanto, para los cargos de delegados Titular y Suplente ante el Consejo Superior se design\u00f3 al Dr. Julio C\u00e9sar Moreno y Dr. Jorge Mazzone, respectivamente.<\/p>\n[\/et_pb_text][\/et_pb_column]\n\t\t\t[\/et_pb_row]\n\t\t[\/et_pb_section]","protected":false},"excerpt":{"rendered":"<p>Tras haberse realizado la Reuni\u00f3n Constitutiva en el Distrito I del Colegio de M\u00e9dicos de la Provincia de Buenos Aires, qued\u00f3 oficialmente designada y proclamada la nueva comisi\u00f3n directiva de la instituci\u00f3n con el Dr. Jorge Mazzone como presidente; la Dra. Mirta Edelmira Praglia, como vicepresidenta; el Dr. Julio C\u00e9sar Moreno, como secretario general; el [&hellip;]<\/p>\n","protected":false},"author":5,"featured_media":4515,"comment_status":"closed","ping_status":"closed","sticky":false,"template":"","format":"standard","meta":{"_et_pb_use_builder":"on","_et_pb_old_content":"<!-- wp:paragraph -->\n<p>Tras haberse realizado la Reuni\u00f3n Constitutiva en el Distrito I del Colegio de M\u00e9dicos de la Provincia de Buenos Aires, qued\u00f3 oficialmente designada y proclamada la nueva comisi\u00f3n directiva de la instituci\u00f3n con el Dr. Jorge Mazzone como presidente; la Dra. Mirta Edelmira Praglia, como vicepresidenta; el Dr. Julio C\u00e9sar Moreno, como secretario general; el Dr. Rodolfo Rezek y Laurino, como prosecretario; el Dr. Hugo Ghiani, como tesorero; el Dr. Pablo Gal\u00e1n, como protesorero; y la Dra. Mar\u00eda Laura Caputo, como secretaria de actas.<\/p>\n<!-- \/wp:paragraph -->\n\n<!-- wp:paragraph -->\n<p>Adem\u00e1s, en la ocasi\u00f3n se realizaron tambi\u00e9n las designaciones del Dr. Gustavo Castagnetto, como gerente m\u00e9dico;&nbsp; del Dr. Gustavo Marinucci, como secretario de Prensa y Difusi\u00f3n; y del Dr. Alejandro Abbiatti, como secretario de Obra y Mantenimiento.<\/p>\n<!-- \/wp:paragraph -->\n\n<!-- wp:paragraph -->\n<p>En tanto, para los cargos de delegados Titular y Suplente ante el Consejo Superior se design\u00f3 al Dr. Julio C\u00e9sar Moreno y Dr. Jorge Mazzone, respectivamente.<\/p>\n<!-- \/wp:paragraph -->","_et_gb_content_width":"","inline_featured_image":false,"footnotes":""},"categories":[10,12],"tags":[],"class_list":["post-4514","post","type-post","status-publish","format-standard","has-post-thumbnail","hentry","category-principal","category-secunadaria"],"_links":{"self":[{"href":"https:\/\/colmed1.org.ar\/web\/index.php\/wp-json\/wp\/v2\/posts\/4514","targetHints":{"allow":["GET"]}}],"collection":[{"href":"https:\/\/colmed1.org.ar\/web\/index.php\/wp-json\/wp\/v2\/posts"}],"about":[{"href":"https:\/\/colmed1.org.ar\/web\/index.php\/wp-json\/wp\/v2\/types\/post"}],"author":[{"embeddable":true,"href":"https:\/\/colmed1.org.ar\/web\/index.php\/wp-json\/wp\/v2\/users\/5"}],"replies":[{"embeddable":true,"href":"https:\/\/colmed1.org.ar\/web\/index.php\/wp-json\/wp\/v2\/comments?post=4514"}],"version-history":[{"count":2,"href":"https:\/\/colmed1.org.ar\/web\/index.php\/wp-json\/wp\/v2\/posts\/4514\/revisions"}],"predecessor-version":[{"id":4585,"href":"https:\/\/colmed1.org.ar\/web\/index.php\/wp-json\/wp\/v2\/posts\/4514\/revisions\/4585"}],"wp:featuredmedia":[{"embeddable":true,"href":"https:\/\/colmed1.org.ar\/web\/index.php\/wp-json\/wp\/v2\/media\/4515"}],"wp:attachment":[{"href":"https:\/\/colmed1.org.ar\/web\/index.php\/wp-json\/wp\/v2\/media?parent=4514"}],"wp:term":[{"taxonomy":"category","embeddable":true,"href":"https:\/\/colmed1.org.ar\/web\/index.php\/wp-json\/wp\/v2\/categories?post=4514"},{"taxonomy":"post_tag","embeddable":true,"href":"https:\/\/colmed1.org.ar\/web\/index.php\/wp-json\/wp\/v2\/tags?post=4514"}],"curies":[{"name":"wp","href":"https:\/\/api.w.org\/{rel}","templated":true}]}}