{"id":4524,"date":"2025-07-04T15:45:18","date_gmt":"2025-07-04T18:45:18","guid":{"rendered":"https:\/\/colmed1.org.ar\/web\/?p=4524"},"modified":"2025-08-22T14:52:51","modified_gmt":"2025-08-22T17:52:51","slug":"comunicado-del-colegio-de-medicos-de-la-pcia-de-bs-as-distrito-i","status":"publish","type":"post","link":"https:\/\/colmed1.org.ar\/web\/index.php\/2025\/07\/04\/comunicado-del-colegio-de-medicos-de-la-pcia-de-bs-as-distrito-i\/","title":{"rendered":"COMUNICADO DEL COLEGIO DE M\u00c9DICOS DE LA PCIA. DE BS. AS.\u00a0 &#8211; DISTRITO I\u00a0                    \u00a0\u00a0\u00a0\u00a0"},"content":{"rendered":"[et_pb_section admin_label=\u00bbsection\u00bb]\n\t\t\t[et_pb_row admin_label=\u00bbrow\u00bb]\n\t\t\t\t[et_pb_column type=\u00bb4_4&#8243;][et_pb_text admin_label=\u00bbText\u00bb]\n<p>A ra\u00edz de las recientes informaciones sobre cambios en el R\u00e9gimen de Residencias del Hospital Garrahan y otras, este Colegio de M\u00e9dicos de la Provincia de Buenos Aires \u2013 Distrito I, manifiesta su postura en\u00e9rgica y contraria a cualquier modificaci\u00f3n que altere los derechos de los residentes, en lo que respecta a la cobertura de salud, los aportes previsionales y la protecci\u00f3n ante accidentes de trabajo.<\/p>\n\n\n\n<p>Asimismo solicitamos una recomposici\u00f3n salarial para todos los residentes y m\u00e9dicos de los Hospitales P\u00fablicos y Privados, que les permita vivir dignamente y realizar su capacitaci\u00f3n de manera adecuada en pos del beneficio de la salud de la poblaci\u00f3n.-<\/p>\n\n\n\n<p>&nbsp;&nbsp;&nbsp;&nbsp;&nbsp; &nbsp;&nbsp;&nbsp;&nbsp;&nbsp;&nbsp;&nbsp;<strong>JULIO C. MORENO&nbsp;&nbsp;&nbsp;&nbsp;&nbsp;&nbsp;&nbsp;&nbsp;&nbsp;&nbsp;&nbsp;&nbsp;&nbsp;&nbsp;&nbsp;&nbsp;&nbsp;&nbsp;&nbsp;&nbsp;&nbsp;&nbsp;&nbsp;&nbsp;&nbsp;&nbsp; HUGO M. GHIANI&nbsp;&nbsp;&nbsp;&nbsp;&nbsp;&nbsp;&nbsp;&nbsp;&nbsp;&nbsp;&nbsp;&nbsp;&nbsp;&nbsp;&nbsp;&nbsp;&nbsp;&nbsp;&nbsp;&nbsp;&nbsp;&nbsp;&nbsp;&nbsp; JORGE A. MAZZONE&nbsp;&nbsp;&nbsp;&nbsp;<\/strong><\/p>\n\n\n\n<p><strong>&nbsp;&nbsp;&nbsp;&nbsp;&nbsp;&nbsp;&nbsp;&nbsp;&nbsp;&nbsp;&nbsp;&nbsp; Secretario General<\/strong><strong> &nbsp;&nbsp;&nbsp;&nbsp;&nbsp;&nbsp;&nbsp;&nbsp;&nbsp;&nbsp;&nbsp; &nbsp;&nbsp;&nbsp;&nbsp;&nbsp;&nbsp;&nbsp;&nbsp;&nbsp;&nbsp;&nbsp;&nbsp;&nbsp;&nbsp;&nbsp;&nbsp;&nbsp;&nbsp;&nbsp;Tesorero&nbsp;&nbsp;&nbsp;&nbsp;&nbsp;&nbsp;&nbsp;&nbsp;&nbsp;&nbsp;&nbsp;&nbsp;&nbsp;&nbsp;&nbsp;&nbsp;&nbsp;&nbsp;&nbsp;&nbsp;&nbsp;&nbsp;&nbsp;&nbsp;&nbsp;&nbsp;&nbsp;&nbsp;&nbsp;&nbsp;&nbsp;&nbsp;&nbsp;&nbsp;&nbsp;&nbsp;&nbsp;&nbsp;&nbsp;&nbsp;&nbsp;&nbsp; Presidente<\/strong>&nbsp;&nbsp;&nbsp;&nbsp;&nbsp;&nbsp;&nbsp;&nbsp;&nbsp;&nbsp;&nbsp;&nbsp;&nbsp;&nbsp;&nbsp;&nbsp;&nbsp;&nbsp;&nbsp;&nbsp;&nbsp;&nbsp;&nbsp;&nbsp;<\/p>\n\n\n\n<p><strong>&nbsp;&nbsp;&nbsp;&nbsp;&nbsp;&nbsp;&nbsp;&nbsp;&nbsp;&nbsp;&nbsp;&nbsp;&nbsp;&nbsp;&nbsp;&nbsp;&nbsp;&nbsp;&nbsp;&nbsp;&nbsp;&nbsp;&nbsp; \u201cEn defensa de la dignidad y jerarquizaci\u00f3n de la profesi\u00f3n m\u00e9dica\u201d<\/strong><\/p>\n\n\n\n<p>                                                                                                 <\/p>\n\n\n\n<figure class=\"wp-block-image size-full\"><img loading=\"lazy\" decoding=\"async\" width=\"800\" height=\"804\" src=\"https:\/\/colmed1.org.ar\/web\/wp-content\/uploads\/2025\/07\/logo-colegio.jpg\" alt=\"\" class=\"wp-image-4525\" srcset=\"https:\/\/colmed1.org.ar\/web\/wp-content\/uploads\/2025\/07\/logo-colegio.jpg 800w, https:\/\/colmed1.org.ar\/web\/wp-content\/uploads\/2025\/07\/logo-colegio-480x482.jpg 480w\" sizes=\"(min-width: 0px) and (max-width: 480px) 480px, (min-width: 481px) 800px, 100vw\" \/><\/figure>\n[\/et_pb_text][\/et_pb_column]\n\t\t\t[\/et_pb_row]\n\t\t[\/et_pb_section]","protected":false},"excerpt":{"rendered":"<p>A ra\u00edz de las recientes informaciones sobre cambios en el R\u00e9gimen de Residencias del Hospital Garrahan y otras, este Colegio de M\u00e9dicos de la Provincia de Buenos Aires \u2013 Distrito I, manifiesta su postura en\u00e9rgica y contraria a cualquier modificaci\u00f3n que altere los derechos de los residentes, en lo que respecta a la cobertura de [&hellip;]<\/p>\n","protected":false},"author":5,"featured_media":0,"comment_status":"closed","ping_status":"closed","sticky":false,"template":"","format":"standard","meta":{"_et_pb_use_builder":"on","_et_pb_old_content":"<!-- wp:paragraph -->\n<p>A ra\u00edz de las recientes informaciones sobre cambios en el R\u00e9gimen de Residencias del Hospital Garrahan y otras, este Colegio de M\u00e9dicos de la Provincia de Buenos Aires \u2013 Distrito I, manifiesta su postura en\u00e9rgica y contraria a cualquier modificaci\u00f3n que altere los derechos de los residentes, en lo que respecta a la cobertura de salud, los aportes previsionales y la protecci\u00f3n ante accidentes de trabajo.<\/p>\n<!-- \/wp:paragraph -->\n\n<!-- wp:paragraph -->\n<p>Asimismo solicitamos una recomposici\u00f3n salarial para todos los residentes y m\u00e9dicos de los Hospitales P\u00fablicos y Privados, que les permita vivir dignamente y realizar su capacitaci\u00f3n de manera adecuada en pos del beneficio de la salud de la poblaci\u00f3n.-<\/p>\n<!-- \/wp:paragraph -->\n\n<!-- wp:paragraph -->\n<p>&nbsp;&nbsp;&nbsp;&nbsp;&nbsp; &nbsp;&nbsp;&nbsp;&nbsp;&nbsp;&nbsp;&nbsp;<strong>JULIO C. MORENO&nbsp;&nbsp;&nbsp;&nbsp;&nbsp;&nbsp;&nbsp;&nbsp;&nbsp;&nbsp;&nbsp;&nbsp;&nbsp;&nbsp;&nbsp;&nbsp;&nbsp;&nbsp;&nbsp;&nbsp;&nbsp;&nbsp;&nbsp;&nbsp;&nbsp;&nbsp; HUGO M. GHIANI&nbsp;&nbsp;&nbsp;&nbsp;&nbsp;&nbsp;&nbsp;&nbsp;&nbsp;&nbsp;&nbsp;&nbsp;&nbsp;&nbsp;&nbsp;&nbsp;&nbsp;&nbsp;&nbsp;&nbsp;&nbsp;&nbsp;&nbsp;&nbsp; JORGE A. MAZZONE&nbsp;&nbsp;&nbsp;&nbsp;<\/strong><\/p>\n<!-- \/wp:paragraph -->\n\n<!-- wp:paragraph -->\n<p><strong>&nbsp;&nbsp;&nbsp;&nbsp;&nbsp;&nbsp;&nbsp;&nbsp;&nbsp;&nbsp;&nbsp;&nbsp; Secretario General<\/strong><strong> &nbsp;&nbsp;&nbsp;&nbsp;&nbsp;&nbsp;&nbsp;&nbsp;&nbsp;&nbsp;&nbsp; &nbsp;&nbsp;&nbsp;&nbsp;&nbsp;&nbsp;&nbsp;&nbsp;&nbsp;&nbsp;&nbsp;&nbsp;&nbsp;&nbsp;&nbsp;&nbsp;&nbsp;&nbsp;&nbsp;Tesorero&nbsp;&nbsp;&nbsp;&nbsp;&nbsp;&nbsp;&nbsp;&nbsp;&nbsp;&nbsp;&nbsp;&nbsp;&nbsp;&nbsp;&nbsp;&nbsp;&nbsp;&nbsp;&nbsp;&nbsp;&nbsp;&nbsp;&nbsp;&nbsp;&nbsp;&nbsp;&nbsp;&nbsp;&nbsp;&nbsp;&nbsp;&nbsp;&nbsp;&nbsp;&nbsp;&nbsp;&nbsp;&nbsp;&nbsp;&nbsp;&nbsp;&nbsp; Presidente<\/strong>&nbsp;&nbsp;&nbsp;&nbsp;&nbsp;&nbsp;&nbsp;&nbsp;&nbsp;&nbsp;&nbsp;&nbsp;&nbsp;&nbsp;&nbsp;&nbsp;&nbsp;&nbsp;&nbsp;&nbsp;&nbsp;&nbsp;&nbsp;&nbsp;<\/p>\n<!-- \/wp:paragraph -->\n\n<!-- wp:paragraph -->\n<p><strong>&nbsp;&nbsp;&nbsp;&nbsp;&nbsp;&nbsp;&nbsp;&nbsp;&nbsp;&nbsp;&nbsp;&nbsp;&nbsp;&nbsp;&nbsp;&nbsp;&nbsp;&nbsp;&nbsp;&nbsp;&nbsp;&nbsp;&nbsp; \u201cEn defensa de la dignidad y jerarquizaci\u00f3n de la profesi\u00f3n m\u00e9dica\u201d<\/strong><\/p>\n<!-- \/wp:paragraph -->\n\n<!-- wp:paragraph -->\n<p>                                                                                                 <\/p>\n<!-- \/wp:paragraph -->\n\n<!-- wp:image {\"id\":4525,\"sizeSlug\":\"full\",\"linkDestination\":\"none\"} -->\n<figure class=\"wp-block-image size-full\"><img src=\"https:\/\/colmed1.org.ar\/web\/wp-content\/uploads\/2025\/07\/logo-colegio.jpg\" alt=\"\" class=\"wp-image-4525\"\/><\/figure>\n<!-- \/wp:image -->","_et_gb_content_width":"","inline_featured_image":false,"footnotes":""},"categories":[10],"tags":[],"class_list":["post-4524","post","type-post","status-publish","format-standard","hentry","category-principal"],"_links":{"self":[{"href":"https:\/\/colmed1.org.ar\/web\/index.php\/wp-json\/wp\/v2\/posts\/4524","targetHints":{"allow":["GET"]}}],"collection":[{"href":"https:\/\/colmed1.org.ar\/web\/index.php\/wp-json\/wp\/v2\/posts"}],"about":[{"href":"https:\/\/colmed1.org.ar\/web\/index.php\/wp-json\/wp\/v2\/types\/post"}],"author":[{"embeddable":true,"href":"https:\/\/colmed1.org.ar\/web\/index.php\/wp-json\/wp\/v2\/users\/5"}],"replies":[{"embeddable":true,"href":"https:\/\/colmed1.org.ar\/web\/index.php\/wp-json\/wp\/v2\/comments?post=4524"}],"version-history":[{"count":2,"href":"https:\/\/colmed1.org.ar\/web\/index.php\/wp-json\/wp\/v2\/posts\/4524\/revisions"}],"predecessor-version":[{"id":4583,"href":"https:\/\/colmed1.org.ar\/web\/index.php\/wp-json\/wp\/v2\/posts\/4524\/revisions\/4583"}],"wp:attachment":[{"href":"https:\/\/colmed1.org.ar\/web\/index.php\/wp-json\/wp\/v2\/media?parent=4524"}],"wp:term":[{"taxonomy":"category","embeddable":true,"href":"https:\/\/colmed1.org.ar\/web\/index.php\/wp-json\/wp\/v2\/categories?post=4524"},{"taxonomy":"post_tag","embeddable":true,"href":"https:\/\/colmed1.org.ar\/web\/index.php\/wp-json\/wp\/v2\/tags?post=4524"}],"curies":[{"name":"wp","href":"https:\/\/api.w.org\/{rel}","templated":true}]}}