{"id":4569,"date":"2025-08-21T12:52:29","date_gmt":"2025-08-21T15:52:29","guid":{"rendered":"https:\/\/colmed1.org.ar\/web\/?p=4569"},"modified":"2025-08-22T14:25:59","modified_gmt":"2025-08-22T17:25:59","slug":"violencia-de-genero","status":"publish","type":"post","link":"https:\/\/colmed1.org.ar\/web\/index.php\/2025\/08\/21\/violencia-de-genero\/","title":{"rendered":"Violencia de G\u00e9nero"},"content":{"rendered":"[et_pb_section admin_label=\u00bbsection\u00bb]\n\t\t\t[et_pb_row admin_label=\u00bbrow\u00bb]\n\t\t\t\t[et_pb_column type=\u00bb4_4&#8243;][et_pb_text admin_label=\u00bbText\u00bb]\n<p>Les informamos que se encuentra en funcionamiento la&nbsp;<strong>Subcomisi\u00f3n de Violencia Laboral y de G\u00e9nero<\/strong>&nbsp;para matriculados del Distrito I. Su objetivo es brindar asesoramiento, acompa\u00f1amiento y contenci\u00f3n a quienes hayan sufrido situaciones de violencia en el \u00e1mbito laboral.<\/p>\n\n\n\n<p>En caso de necesitar asistencia, pueden comunicarse a trav\u00e9s de WhatsApp al 221-575-6823.<\/p>\n[\/et_pb_text][\/et_pb_column]\n\t\t\t[\/et_pb_row]\n\t\t[\/et_pb_section]","protected":false},"excerpt":{"rendered":"<p>Les informamos que se encuentra en funcionamiento la&nbsp;Subcomisi\u00f3n de Violencia Laboral y de G\u00e9nero&nbsp;para matriculados del Distrito I. Su objetivo es brindar asesoramiento, acompa\u00f1amiento y contenci\u00f3n a quienes hayan sufrido situaciones de violencia en el \u00e1mbito laboral. En caso de necesitar asistencia, pueden comunicarse a trav\u00e9s de WhatsApp al 221-575-6823.<\/p>\n","protected":false},"author":5,"featured_media":0,"comment_status":"closed","ping_status":"closed","sticky":false,"template":"","format":"standard","meta":{"_et_pb_use_builder":"on","_et_pb_old_content":"<!-- wp:paragraph -->\n<p>Les informamos que se encuentra en funcionamiento la&nbsp;<strong>Subcomisi\u00f3n de Violencia Laboral y de G\u00e9nero<\/strong>&nbsp;para matriculados del Distrito I. Su objetivo es brindar asesoramiento, acompa\u00f1amiento y contenci\u00f3n a quienes hayan sufrido situaciones de violencia en el \u00e1mbito laboral.<\/p>\n<!-- \/wp:paragraph -->\n\n<!-- wp:paragraph -->\n<p>En caso de necesitar asistencia, pueden comunicarse a trav\u00e9s de WhatsApp al 221-575-6823.<\/p>\n<!-- \/wp:paragraph -->","_et_gb_content_width":"","inline_featured_image":false,"footnotes":""},"categories":[10],"tags":[],"class_list":["post-4569","post","type-post","status-publish","format-standard","hentry","category-principal"],"_links":{"self":[{"href":"https:\/\/colmed1.org.ar\/web\/index.php\/wp-json\/wp\/v2\/posts\/4569","targetHints":{"allow":["GET"]}}],"collection":[{"href":"https:\/\/colmed1.org.ar\/web\/index.php\/wp-json\/wp\/v2\/posts"}],"about":[{"href":"https:\/\/colmed1.org.ar\/web\/index.php\/wp-json\/wp\/v2\/types\/post"}],"author":[{"embeddable":true,"href":"https:\/\/colmed1.org.ar\/web\/index.php\/wp-json\/wp\/v2\/users\/5"}],"replies":[{"embeddable":true,"href":"https:\/\/colmed1.org.ar\/web\/index.php\/wp-json\/wp\/v2\/comments?post=4569"}],"version-history":[{"count":2,"href":"https:\/\/colmed1.org.ar\/web\/index.php\/wp-json\/wp\/v2\/posts\/4569\/revisions"}],"predecessor-version":[{"id":4574,"href":"https:\/\/colmed1.org.ar\/web\/index.php\/wp-json\/wp\/v2\/posts\/4569\/revisions\/4574"}],"wp:attachment":[{"href":"https:\/\/colmed1.org.ar\/web\/index.php\/wp-json\/wp\/v2\/media?parent=4569"}],"wp:term":[{"taxonomy":"category","embeddable":true,"href":"https:\/\/colmed1.org.ar\/web\/index.php\/wp-json\/wp\/v2\/categories?post=4569"},{"taxonomy":"post_tag","embeddable":true,"href":"https:\/\/colmed1.org.ar\/web\/index.php\/wp-json\/wp\/v2\/tags?post=4569"}],"curies":[{"name":"wp","href":"https:\/\/api.w.org\/{rel}","templated":true}]}}