{"id":4638,"date":"2025-09-16T16:34:51","date_gmt":"2025-09-16T19:34:51","guid":{"rendered":"https:\/\/colmed1.org.ar\/web\/?p=4638"},"modified":"2025-09-16T16:34:53","modified_gmt":"2025-09-16T19:34:53","slug":"comunicado-de-confemeco-en-defensa-del-acto-medico-presencial-y-en-rechazo-a-la-teleconsulta-como-modalidad-sustitutiva-de-la-atencion-medica","status":"publish","type":"post","link":"https:\/\/colmed1.org.ar\/web\/index.php\/2025\/09\/16\/comunicado-de-confemeco-en-defensa-del-acto-medico-presencial-y-en-rechazo-a-la-teleconsulta-como-modalidad-sustitutiva-de-la-atencion-medica\/","title":{"rendered":"Comunicado de CONFEMECO en defensa del Acto M\u00e9dico presencial y en rechazo a la teleconsulta como modalidad sustitutiva de la atenci\u00f3n m\u00e9dica"},"content":{"rendered":"\n<figure class=\"wp-block-image size-full\"><img loading=\"lazy\" decoding=\"async\" width=\"661\" height=\"538\" src=\"https:\/\/colmed1.org.ar\/web\/wp-content\/uploads\/2025\/09\/Captura-de-pantalla-2025-09-12-195903-1-1.jpg\" alt=\"\" class=\"wp-image-4640\" srcset=\"https:\/\/colmed1.org.ar\/web\/wp-content\/uploads\/2025\/09\/Captura-de-pantalla-2025-09-12-195903-1-1.jpg 661w, https:\/\/colmed1.org.ar\/web\/wp-content\/uploads\/2025\/09\/Captura-de-pantalla-2025-09-12-195903-1-1-480x391.jpg 480w\" sizes=\"(min-width: 0px) and (max-width: 480px) 480px, (min-width: 481px) 661px, 100vw\" \/><\/figure>\n\n\n\n<p><strong><u>LA SALUD NO ES UN NEGOCIO<\/u><\/strong><\/p>\n\n\n\n<p>El Consejo Federal de Entidades M\u00e9dicas Colegiadas, CONFEMECO, en representaci\u00f3n de los Colegios y Consejos M\u00e9dicos de todo el pa\u00eds, expresa su m\u00e1s firme y&nbsp;<strong>categ\u00f3rico rechazo a la teleconsulta m\u00e9dica entendida como el sustituto del acto m\u00e9dico presencial.<\/strong><\/p>\n\n\n\n<p>La Medicina no puede ser comprendida como un tr\u00e1mite virtual de consumo masivo. El Acto M\u00e9dico presencial es el pilar fundamental que garantiza calidad, \u00e9tica y humanidad en la sagrada atenci\u00f3n de los pacientes. Pretender reemplazarlo, por una pantalla mediante,&nbsp;<strong>significa degradar y banalizar nuestra profesi\u00f3n<\/strong>, poniendo en riesgo la salud de la poblaci\u00f3n.&nbsp;<\/p>\n\n\n\n<p>Denunciamos que detr\u00e1s de la promoci\u00f3n de la teleconsulta como modalidad alternativa, se esconden intereses econ\u00f3micos de corporaciones financieras, tecnol\u00f3gicas y prestadoras de salud, que buscan reducir costos a expensas de la calidad asistencial, precarizar la tarea del m\u00e9dico y mercantilizar la salud de los argentinos.&nbsp;<\/p>\n\n\n\n<p>La Teleconsulta puede considerarse como una herramienta complementaria, \u00fatil en ciertos casos de seguimiento o de interconsulta entre profesionales, pero bajo ning\u00fan punto de vista aceptaremos que se imponga como modelo de atenci\u00f3n, dado que ello implica:<\/p>\n\n\n\n<ol class=\"wp-block-list\">\n<li>Negar el valor insustituible de la anamnesis directa y el examen f\u00edsico correspondiente.<\/li>\n\n\n\n<li>Aumentar los riesgos de diagn\u00f3sticos err\u00f3neos y consecuentemente tratamientos inadecuados.<\/li>\n\n\n\n<li>Romper el v\u00ednculo humano imprescindible que constituye la base de la confianza en la relaci\u00f3n m\u00e9dico paciente.<\/li>\n\n\n\n<li>Transformar el derecho a la salud en un simple servicio de mercado.<\/li>\n\n\n\n<li>No poder conocer en forma fehaciente si el operador detr\u00e1s de la pantalla es un profesional de la medicina debidamente certificado y habilitado para ejercer<\/li>\n<\/ol>\n\n\n\n<p>Desde CONFEMECO, defenderemos con firmeza el Acto M\u00e9dico Presencial, como un patrimonio \u00e9tico, cient\u00edfico y social. Rechazamos toda pol\u00edtica p\u00fablica o iniciativa privada que intente imponer a la teleconsulta como reemplazo del encuentro entre m\u00e9dico y paciente.<\/p>\n\n\n\n<p>Convocamos a las autoridades nacionales y provinciales, a nuestros legisladores a&nbsp;la sociedad en su conjunto a no permitir que la salud se convierta en un negocio de caracter\u00edsticas deshumanizadas.&nbsp;<strong>La defensa de la atenci\u00f3n m\u00e9dica presencial, es la defensa de la salud de todos los argentinos.<\/strong><\/p>\n\n\n\n<p>BUENOS AIRES, 12 DE SETIEMBRE DE 2025<\/p>\n\n\n\n<figure class=\"wp-block-image\"><img decoding=\"async\" src=\"https:\/\/xir2k1pu9izdhjyv.public.blob.vercel-storage.com\/Captura%20de%20pantalla%202025-09-12%20200515-bfyzTNqB3lNH38i4UofZjEO2jbTQj3.jpg\" alt=\"\"\/><\/figure>\n\n\n\n<p>&nbsp;&nbsp;&nbsp;&nbsp;DR. GUSTAVO G. ARTURI&nbsp;&nbsp;&nbsp;&nbsp;&nbsp;&nbsp;&nbsp;&nbsp;&nbsp;&nbsp;&nbsp;&nbsp;&nbsp;&nbsp;&nbsp;&nbsp;&nbsp;&nbsp;&nbsp;&nbsp;&nbsp;&nbsp;&nbsp;&nbsp;&nbsp;&nbsp;&nbsp;&nbsp;&nbsp;&nbsp;&nbsp;&nbsp;&nbsp;&nbsp;&nbsp;&nbsp;&nbsp;&nbsp;&nbsp;&nbsp;&nbsp;&nbsp;&nbsp;&nbsp;&nbsp;&nbsp; DR. MAURICIO D.ESKINAZI&nbsp;&nbsp;&nbsp;&nbsp;&nbsp;&nbsp;&nbsp;&nbsp;&nbsp;&nbsp;&nbsp;&nbsp;&nbsp;&nbsp;&nbsp;&nbsp;&nbsp;&nbsp;&nbsp;&nbsp;&nbsp;&nbsp;&nbsp;&nbsp;&nbsp;&nbsp;&nbsp;&nbsp;&nbsp;&nbsp;&nbsp;&nbsp;&nbsp;&nbsp;&nbsp;&nbsp;&nbsp;&nbsp;&nbsp;&nbsp;&nbsp;&nbsp;&nbsp;&nbsp;&nbsp;&nbsp;&nbsp;&nbsp;<\/p>\n\n\n\n<p>SECRERTARIO GENERAL DE&nbsp;CONFEMECO&nbsp;&nbsp;&nbsp;&nbsp;&nbsp;&nbsp;&nbsp;&nbsp;&nbsp;&nbsp;&nbsp;&nbsp;&nbsp;&nbsp; &nbsp;PRESIDENTE&nbsp;DE CONFEMECO<\/p>\n\n\n\n<p>CONSEJOS Y COLEGIOS MEDICOS&nbsp;&nbsp;&nbsp;&nbsp;&nbsp;&nbsp;&nbsp;&nbsp;&nbsp;&nbsp;&nbsp;&nbsp;&nbsp;&nbsp;&nbsp;&nbsp;&nbsp;&nbsp;&nbsp;&nbsp;&nbsp;&nbsp;&nbsp;&nbsp;&nbsp;&nbsp;&nbsp; &nbsp;CONSEJOS Y COLEGIOS MEDICOS<\/p>\n\n\n\n<p>COLEGIO DE MEDICOS DE LA PROV.DE BS.AS. CONSEJO SUPERIOR &#8211; Dr. Rub\u00e9n Tucci<\/p>\n\n\n\n<p>COLEGIO DE MEDICOS DE LA PROV.STA. FE 1RA. CIRCUNSC.- Dr. Julio Bedini<\/p>\n\n\n\n<p>COLEGIO DE MEDICOS DE LA PROV.STA. FE 2DA. CIRCUNSC. \u2013 Dr. Alberto Tuninetti<\/p>\n\n\n\n<p>COLEGIO DE MEDICOS DE LA PROV.DE CATAMARCA \u2013 Dr. Mauricio Figueroa<\/p>\n\n\n\n<p>COLEGIO DE MEDICOS DE LA PROV.DE MISIONES \u2013 Dr. Roberto Delgado<\/p>\n\n\n\n<p>CONSEJO DE MEDICOS DE LA PROV.DE JUJUY \u2013 Dr. Sergio Barrera Ruiz<\/p>\n\n\n\n<p>CONSEJO DE MEDICOS DE LA PROV. DE LA PAMPA \u2013 Dr. Jorge Ja\u00f1ez<\/p>\n\n\n\n<p>CONSEJO DE MEDICOS DE LA PROV. DE SGO. DEL ESTERO \u2013 Dr. David Jarma<\/p>\n\n\n\n<p>CONSEJO DE MEDICOS DE LA PROV. DE SANTA CRUZ \u2013 Dr. Ignacio Roldan<\/p>\n\n\n\n<p>CONSEJO DE MEDICOS DE LA PROV. DE LA RIOJA- Dra. A\u00edda Karam<\/p>\n\n\n\n<p>CONSEJO DE MEDICOS DE LA PROV.DE CORDOBA \u2013 Dr. H\u00e9ctor Oviedo<\/p>\n","protected":false},"excerpt":{"rendered":"<p>LA SALUD NO ES UN NEGOCIO El Consejo Federal de Entidades M\u00e9dicas Colegiadas, CONFEMECO, en representaci\u00f3n de los Colegios y Consejos M\u00e9dicos de todo el pa\u00eds, expresa su m\u00e1s firme y&nbsp;categ\u00f3rico rechazo a la teleconsulta m\u00e9dica entendida como el sustituto del acto m\u00e9dico presencial. La Medicina no puede ser comprendida como un tr\u00e1mite virtual de [&hellip;]<\/p>\n","protected":false},"author":5,"featured_media":4640,"comment_status":"closed","ping_status":"closed","sticky":false,"template":"","format":"standard","meta":{"_et_pb_use_builder":"off","_et_pb_old_content":"","_et_gb_content_width":"","inline_featured_image":false,"footnotes":""},"categories":[10,12],"tags":[],"class_list":["post-4638","post","type-post","status-publish","format-standard","has-post-thumbnail","hentry","category-principal","category-secunadaria"],"_links":{"self":[{"href":"https:\/\/colmed1.org.ar\/web\/index.php\/wp-json\/wp\/v2\/posts\/4638","targetHints":{"allow":["GET"]}}],"collection":[{"href":"https:\/\/colmed1.org.ar\/web\/index.php\/wp-json\/wp\/v2\/posts"}],"about":[{"href":"https:\/\/colmed1.org.ar\/web\/index.php\/wp-json\/wp\/v2\/types\/post"}],"author":[{"embeddable":true,"href":"https:\/\/colmed1.org.ar\/web\/index.php\/wp-json\/wp\/v2\/users\/5"}],"replies":[{"embeddable":true,"href":"https:\/\/colmed1.org.ar\/web\/index.php\/wp-json\/wp\/v2\/comments?post=4638"}],"version-history":[{"count":1,"href":"https:\/\/colmed1.org.ar\/web\/index.php\/wp-json\/wp\/v2\/posts\/4638\/revisions"}],"predecessor-version":[{"id":4641,"href":"https:\/\/colmed1.org.ar\/web\/index.php\/wp-json\/wp\/v2\/posts\/4638\/revisions\/4641"}],"wp:featuredmedia":[{"embeddable":true,"href":"https:\/\/colmed1.org.ar\/web\/index.php\/wp-json\/wp\/v2\/media\/4640"}],"wp:attachment":[{"href":"https:\/\/colmed1.org.ar\/web\/index.php\/wp-json\/wp\/v2\/media?parent=4638"}],"wp:term":[{"taxonomy":"category","embeddable":true,"href":"https:\/\/colmed1.org.ar\/web\/index.php\/wp-json\/wp\/v2\/categories?post=4638"},{"taxonomy":"post_tag","embeddable":true,"href":"https:\/\/colmed1.org.ar\/web\/index.php\/wp-json\/wp\/v2\/tags?post=4638"}],"curies":[{"name":"wp","href":"https:\/\/api.w.org\/{rel}","templated":true}]}}