{"id":4658,"date":"2025-10-08T12:55:36","date_gmt":"2025-10-08T15:55:36","guid":{"rendered":"https:\/\/colmed1.org.ar\/web\/?p=4658"},"modified":"2025-10-13T16:04:54","modified_gmt":"2025-10-13T19:04:54","slug":"charla-celiaquia-un-modo-de-ser","status":"publish","type":"post","link":"https:\/\/colmed1.org.ar\/web\/index.php\/2025\/10\/08\/charla-celiaquia-un-modo-de-ser\/","title":{"rendered":"Charla \u00abCeliaqu\u00eda un modo de ser\u00bb"},"content":{"rendered":"\n<p><\/p>\n\n\n\n<p>Charla dirigida para m\u00e9dicos de atenci\u00f3n primaria y a la Comunidad celiaca<\/p>\n\n\n\n<p>Viernes 17 de Octubre de 2025 &#8211; 17 hs&nbsp; v\u00eda ZOOM (duraci\u00f3n aproximada de 90 minutos)<\/p>\n\n\n\n<p>La celiaqu\u00eda es la intolerancia alimentaria al alimento m\u00e1s simb\u00f3lico de la Tierra<\/p>\n\n\n\n<p>Consumido en \u201ctorno al mar Mediterr\u00e1neo\u201d, no se consum\u00eda en Asia, Lejano Oriente ni en la Am\u00e9rica precolombina<\/p>\n\n\n\n<p>Se consum\u00eda en Europas y Oriente pr\u00f3ximos donde lleg\u00f3 a ser considerado \u201cdivino\u201d.<\/p>\n\n\n\n<p>Hablaremos de sus formas cl\u00ednicas y la importancia de un diagn\u00f3stico temprano y del cumplimiento de la dieta.<\/p>\n\n\n\n<p>Informaci\u00f3n para participar del Zoom<\/p>\n\n\n\n<p>Tema: Celiaqu\u00eda un modo de ser<\/p>\n\n\n\n<p>Hora: 17 oct 2025 05:00 p.m. Buenos Aires, Georgetown<\/p>\n\n\n\n<p>\u00danase a la reuni\u00f3n de Zoom<\/p>\n\n\n\n<p><a href=\"https:\/\/us02web.zoom.us\/j\/81636337360?pwd=qijId5Y5v6OqnVxeZrXsGMcEVt3kMW.1\">https:\/\/us02web.zoom.us\/j\/81636337360?pwd=qijId5Y5v6OqnVxeZrXsGMcEVt3kMW.1<\/a><\/p>\n\n\n\n<p>ID de reuni\u00f3n: 816 3633 7360<\/p>\n\n\n\n<p>C\u00f3digo de acceso: 803563<\/p>\n","protected":false},"excerpt":{"rendered":"<p>Charla dirigida para m\u00e9dicos de atenci\u00f3n primaria y a la Comunidad celiaca Viernes 17 de Octubre de 2025 &#8211; 17 hs&nbsp; v\u00eda ZOOM (duraci\u00f3n aproximada de 90 minutos) La celiaqu\u00eda es la intolerancia alimentaria al alimento m\u00e1s simb\u00f3lico de la Tierra Consumido en \u201ctorno al mar Mediterr\u00e1neo\u201d, no se consum\u00eda en Asia, Lejano Oriente ni [&hellip;]<\/p>\n","protected":false},"author":5,"featured_media":0,"comment_status":"closed","ping_status":"closed","sticky":false,"template":"","format":"standard","meta":{"_et_pb_use_builder":"off","_et_pb_old_content":"","_et_gb_content_width":"","inline_featured_image":false,"footnotes":""},"categories":[10,12],"tags":[],"class_list":["post-4658","post","type-post","status-publish","format-standard","hentry","category-principal","category-secunadaria"],"_links":{"self":[{"href":"https:\/\/colmed1.org.ar\/web\/index.php\/wp-json\/wp\/v2\/posts\/4658","targetHints":{"allow":["GET"]}}],"collection":[{"href":"https:\/\/colmed1.org.ar\/web\/index.php\/wp-json\/wp\/v2\/posts"}],"about":[{"href":"https:\/\/colmed1.org.ar\/web\/index.php\/wp-json\/wp\/v2\/types\/post"}],"author":[{"embeddable":true,"href":"https:\/\/colmed1.org.ar\/web\/index.php\/wp-json\/wp\/v2\/users\/5"}],"replies":[{"embeddable":true,"href":"https:\/\/colmed1.org.ar\/web\/index.php\/wp-json\/wp\/v2\/comments?post=4658"}],"version-history":[{"count":3,"href":"https:\/\/colmed1.org.ar\/web\/index.php\/wp-json\/wp\/v2\/posts\/4658\/revisions"}],"predecessor-version":[{"id":4662,"href":"https:\/\/colmed1.org.ar\/web\/index.php\/wp-json\/wp\/v2\/posts\/4658\/revisions\/4662"}],"wp:attachment":[{"href":"https:\/\/colmed1.org.ar\/web\/index.php\/wp-json\/wp\/v2\/media?parent=4658"}],"wp:term":[{"taxonomy":"category","embeddable":true,"href":"https:\/\/colmed1.org.ar\/web\/index.php\/wp-json\/wp\/v2\/categories?post=4658"},{"taxonomy":"post_tag","embeddable":true,"href":"https:\/\/colmed1.org.ar\/web\/index.php\/wp-json\/wp\/v2\/tags?post=4658"}],"curies":[{"name":"wp","href":"https:\/\/api.w.org\/{rel}","templated":true}]}}