{"id":4687,"date":"2025-10-30T11:11:28","date_gmt":"2025-10-30T14:11:28","guid":{"rendered":"https:\/\/colmed1.org.ar\/web\/?p=4687"},"modified":"2025-10-30T11:12:13","modified_gmt":"2025-10-30T14:12:13","slug":"jornada-de-prevencion-y-cuidado-de-la-salud","status":"publish","type":"post","link":"https:\/\/colmed1.org.ar\/web\/index.php\/2025\/10\/30\/jornada-de-prevencion-y-cuidado-de-la-salud\/","title":{"rendered":"Jornada de Prevenci\u00f3n y Cuidado de la Salud"},"content":{"rendered":"\n<p>El Colegio de M\u00e9dicos de la Provincia de Buenos Aires, Distrito I, invita a participar de una jornada abierta a la comunidad dedicada a la promoci\u00f3n del bienestar y la detecci\u00f3n temprana de enfermedades.<br>&nbsp;La actividad tendr\u00e1 lugar el s\u00e1bado 1 de noviembre de 14 a 17 horas en la<br>Rep\u00fablica de los Ni\u00f1os \u2013 Plaza Centro C\u00edvico.<br><br>La Jornada se realiza en el marco del Mes de Sensibilizaci\u00f3n del C\u00e1ncer de Mama y del D\u00eda Mundial de la Parada Card\u00edaca, profesionales y organizaciones de salud ofrecer\u00e1n charlas, controles y actividades para toda la familia.<br>&nbsp;<\/p>\n\n\n\n<p>S\u00famate a cuidar tu salud y la de quienes m\u00e1s quer\u00e9s!<\/p>\n\n\n\n<p><br>#Prevenci\u00f3n #Salud #IPSOAR #C\u00e1ncerDeMama #Reanimaci\u00f3nCardiopulmonar #RCP #SaludComunitaria<\/p>\n\n\n\n<figure class=\"wp-block-image size-large\"><img loading=\"lazy\" decoding=\"async\" width=\"1024\" height=\"1024\" src=\"https:\/\/colmed1.org.ar\/web\/wp-content\/uploads\/2025\/10\/Prevencion-salud-30-1024x1024.jpg\" alt=\"\" class=\"wp-image-4688\" srcset=\"https:\/\/colmed1.org.ar\/web\/wp-content\/uploads\/2025\/10\/Prevencion-salud-30-1024x1024.jpg 1024w, https:\/\/colmed1.org.ar\/web\/wp-content\/uploads\/2025\/10\/Prevencion-salud-30-980x980.jpg 980w, https:\/\/colmed1.org.ar\/web\/wp-content\/uploads\/2025\/10\/Prevencion-salud-30-480x480.jpg 480w\" sizes=\"(min-width: 0px) and (max-width: 480px) 480px, (min-width: 481px) and (max-width: 980px) 980px, (min-width: 981px) 1024px, 100vw\" \/><\/figure>\n","protected":false},"excerpt":{"rendered":"<p>El Colegio de M\u00e9dicos de la Provincia de Buenos Aires, Distrito I, invita a participar de una jornada abierta a la comunidad dedicada a la promoci\u00f3n del bienestar y la detecci\u00f3n temprana de enfermedades.&nbsp;La actividad tendr\u00e1 lugar el s\u00e1bado 1 de noviembre de 14 a 17 horas en laRep\u00fablica de los Ni\u00f1os \u2013 Plaza Centro [&hellip;]<\/p>\n","protected":false},"author":5,"featured_media":0,"comment_status":"closed","ping_status":"closed","sticky":false,"template":"","format":"standard","meta":{"_et_pb_use_builder":"off","_et_pb_old_content":"","_et_gb_content_width":"","inline_featured_image":false,"footnotes":""},"categories":[10],"tags":[],"class_list":["post-4687","post","type-post","status-publish","format-standard","hentry","category-principal"],"_links":{"self":[{"href":"https:\/\/colmed1.org.ar\/web\/index.php\/wp-json\/wp\/v2\/posts\/4687","targetHints":{"allow":["GET"]}}],"collection":[{"href":"https:\/\/colmed1.org.ar\/web\/index.php\/wp-json\/wp\/v2\/posts"}],"about":[{"href":"https:\/\/colmed1.org.ar\/web\/index.php\/wp-json\/wp\/v2\/types\/post"}],"author":[{"embeddable":true,"href":"https:\/\/colmed1.org.ar\/web\/index.php\/wp-json\/wp\/v2\/users\/5"}],"replies":[{"embeddable":true,"href":"https:\/\/colmed1.org.ar\/web\/index.php\/wp-json\/wp\/v2\/comments?post=4687"}],"version-history":[{"count":1,"href":"https:\/\/colmed1.org.ar\/web\/index.php\/wp-json\/wp\/v2\/posts\/4687\/revisions"}],"predecessor-version":[{"id":4689,"href":"https:\/\/colmed1.org.ar\/web\/index.php\/wp-json\/wp\/v2\/posts\/4687\/revisions\/4689"}],"wp:attachment":[{"href":"https:\/\/colmed1.org.ar\/web\/index.php\/wp-json\/wp\/v2\/media?parent=4687"}],"wp:term":[{"taxonomy":"category","embeddable":true,"href":"https:\/\/colmed1.org.ar\/web\/index.php\/wp-json\/wp\/v2\/categories?post=4687"},{"taxonomy":"post_tag","embeddable":true,"href":"https:\/\/colmed1.org.ar\/web\/index.php\/wp-json\/wp\/v2\/tags?post=4687"}],"curies":[{"name":"wp","href":"https:\/\/api.w.org\/{rel}","templated":true}]}}