{"id":4699,"date":"2025-11-14T22:05:20","date_gmt":"2025-11-15T01:05:20","guid":{"rendered":"https:\/\/colmed1.org.ar\/web\/?p=4699"},"modified":"2025-11-14T22:05:42","modified_gmt":"2025-11-15T01:05:42","slug":"ministerio-de-salud-de-tierra-del-fuego-busca-medicos","status":"publish","type":"post","link":"https:\/\/colmed1.org.ar\/web\/index.php\/2025\/11\/14\/ministerio-de-salud-de-tierra-del-fuego-busca-medicos\/","title":{"rendered":"Ministerio de Salud de Tierra del Fuego busca M\u00e9dicos"},"content":{"rendered":"\n<p>El Colegio de M\u00e9dicos de la Provincia de Buenos Aires, Distrito I, informa a sus matriculados que la&nbsp;Direcci\u00f3n de Gesti\u00f3n de Incorporaciones, dependiente de la&nbsp;<em>Secretar\u00eda de Coordinaci\u00f3n del Ministerio de Salud de Tierra del Fuego, A. I. A. S<\/em>, invita a Uds. a participar de la&nbsp;Convocatoria Nacional&nbsp;con Ingreso a Planta Permanente de&nbsp;M\u00e9dico con Residencia y\/o Especialidad en Medicina General para las ciudades de la Provincia de Tierra del Fuego.<\/p>\n\n\n\n<p>CONVOCATORIA NACIONAL&nbsp;M\u00c9DICOS<br><br>Hospital Regional Ushuaia.<\/p>\n\n\n\n<p>&nbsp;Hospital Regional R\u00edo Grande.<\/p>\n\n\n\n<p>Direcci\u00f3n de Atenci\u00f3n Primaria de la Salud Zona Norte.<\/p>\n\n\n\n<p>Direcci\u00f3n de Atenci\u00f3n Primaria de la Salud Zona Sur.<\/p>\n\n\n\n<p><br>Requisito excluyente:<br><br>Residencia\/Especialidad Medicina General.<br><br>Se ofrece:<br><br>Designaci\u00f3n Planta Permanente.<br>Dedicaci\u00f3n Exclusiva (40 hs. semanales, 8 hs. Lunes a Viernes).<\/p>\n\n\n\n<p>Guardias.<br>Adicional vivienda.<br>Plus mudanza.<br>Pago de pasajes a\u00e9reos por reintegro.<br>Obra Social del Estado Fueguino.<br>Aportes Jubilatorios Caja Provincial (R\u00e9gimen Especial).<br><br>Los interesados podr\u00e1n realizar consultas e inscripciones adjuntado (CV, T\u00edtulo, y Certificado de Residencia y\/o Especialidad) e indicar ciudad de Postulaci\u00f3n: a&nbsp;<a href=\"mailto:incorporacionprofesionalestdf@gmail.com\" target=\"_blank\" rel=\"noreferrer noopener\">incorporacionprofesionalestdf@gmail.com<\/a>&nbsp;<\/p>\n","protected":false},"excerpt":{"rendered":"<p>El Colegio de M\u00e9dicos de la Provincia de Buenos Aires, Distrito I, informa a sus matriculados que la&nbsp;Direcci\u00f3n de Gesti\u00f3n de Incorporaciones, dependiente de la&nbsp;Secretar\u00eda de Coordinaci\u00f3n del Ministerio de Salud de Tierra del Fuego, A. I. A. S, invita a Uds. a participar de la&nbsp;Convocatoria Nacional&nbsp;con Ingreso a Planta Permanente de&nbsp;M\u00e9dico con Residencia y\/o [&hellip;]<\/p>\n","protected":false},"author":5,"featured_media":0,"comment_status":"closed","ping_status":"closed","sticky":false,"template":"","format":"standard","meta":{"_et_pb_use_builder":"off","_et_pb_old_content":"","_et_gb_content_width":"","inline_featured_image":false,"footnotes":""},"categories":[15],"tags":[],"class_list":["post-4699","post","type-post","status-publish","format-standard","hentry","category-bolsa-de-trabajo"],"_links":{"self":[{"href":"https:\/\/colmed1.org.ar\/web\/index.php\/wp-json\/wp\/v2\/posts\/4699","targetHints":{"allow":["GET"]}}],"collection":[{"href":"https:\/\/colmed1.org.ar\/web\/index.php\/wp-json\/wp\/v2\/posts"}],"about":[{"href":"https:\/\/colmed1.org.ar\/web\/index.php\/wp-json\/wp\/v2\/types\/post"}],"author":[{"embeddable":true,"href":"https:\/\/colmed1.org.ar\/web\/index.php\/wp-json\/wp\/v2\/users\/5"}],"replies":[{"embeddable":true,"href":"https:\/\/colmed1.org.ar\/web\/index.php\/wp-json\/wp\/v2\/comments?post=4699"}],"version-history":[{"count":1,"href":"https:\/\/colmed1.org.ar\/web\/index.php\/wp-json\/wp\/v2\/posts\/4699\/revisions"}],"predecessor-version":[{"id":4700,"href":"https:\/\/colmed1.org.ar\/web\/index.php\/wp-json\/wp\/v2\/posts\/4699\/revisions\/4700"}],"wp:attachment":[{"href":"https:\/\/colmed1.org.ar\/web\/index.php\/wp-json\/wp\/v2\/media?parent=4699"}],"wp:term":[{"taxonomy":"category","embeddable":true,"href":"https:\/\/colmed1.org.ar\/web\/index.php\/wp-json\/wp\/v2\/categories?post=4699"},{"taxonomy":"post_tag","embeddable":true,"href":"https:\/\/colmed1.org.ar\/web\/index.php\/wp-json\/wp\/v2\/tags?post=4699"}],"curies":[{"name":"wp","href":"https:\/\/api.w.org\/{rel}","templated":true}]}}