{"id":4701,"date":"2025-11-16T11:31:49","date_gmt":"2025-11-16T14:31:49","guid":{"rendered":"https:\/\/colmed1.org.ar\/web\/?p=4701"},"modified":"2025-11-16T11:31:51","modified_gmt":"2025-11-16T14:31:51","slug":"en-la-sede-del-distrito-i-se-realizaran-las-jornadas-de-cirugia-de-la-provincia-de-buenos-aires","status":"publish","type":"post","link":"https:\/\/colmed1.org.ar\/web\/index.php\/2025\/11\/16\/en-la-sede-del-distrito-i-se-realizaran-las-jornadas-de-cirugia-de-la-provincia-de-buenos-aires\/","title":{"rendered":"En la sede del Distrito I: se realizar\u00e1n las Jornadas de Cirug\u00eda de la Provincia de Buenos Aires"},"content":{"rendered":"\n<p>El pr\u00f3ximo 28 de noviembre, en la sede del Distrito I del Colegio de M\u00e9dicos de la Provincia de Buenos Aires, se realizar\u00e1n las Jornadas de Cirug\u00eda de la Provincia de Buenos Aires.<\/p>\n\n\n\n<p>Este evento tiene como objetivo el encuentro acad\u00e9mico con los cirujanos de nuestra Provincia. El formato de la actividad ser\u00e1 a trav\u00e9s de la presentaci\u00f3n de casos cl\u00ednicos y el an\u00e1lisis posterior por un panel de destacados especialistas de la Provincia y CABA.<\/p>\n\n\n\n<p>Seg\u00fan informaron sus organizadores, el evento cuenta con la colaboraci\u00f3n de las Sociedades de Cirug\u00eda de Bah\u00eda Blanca y Mar del Plata.<\/p>\n\n\n\n<p>Las inscripciones a las jornadas se pueden gestionar a trav\u00e9s del siguiente enlace:<\/p>\n\n\n\n<p><a href=\"https:\/\/events.quick-access.net\/ty\/?u=J7sOPntcHSZ_M9D\" rel=\"noreferrer noopener\" target=\"_blank\">INSCRIPCIONES (CLICK)<\/a><\/p>\n\n\n\n<p>Y tambi\u00e9n se puede registrar su caso cl\u00ednico en el siguiente enlace:<\/p>\n\n\n\n<p><a href=\"https:\/\/sociedaddecirugialp.com.ar\/jornadas-2025\/\" rel=\"noreferrer noopener\" target=\"_blank\">REGISTRAR CASO CL\u00cdNICO (CLICK)<\/a><\/p>\n\n\n\n<figure class=\"wp-block-image size-large\"><img loading=\"lazy\" decoding=\"async\" width=\"811\" height=\"1024\" src=\"https:\/\/colmed1.org.ar\/web\/wp-content\/uploads\/2025\/11\/WhatsApp-Image-2025-11-13-at-5.46.30-PM-1-1-811x1024.jpeg\" alt=\"\" class=\"wp-image-4702\"\/><\/figure>\n","protected":false},"excerpt":{"rendered":"<p>El pr\u00f3ximo 28 de noviembre, en la sede del Distrito I del Colegio de M\u00e9dicos de la Provincia de Buenos Aires, se realizar\u00e1n las Jornadas de Cirug\u00eda de la Provincia de Buenos Aires. Este evento tiene como objetivo el encuentro acad\u00e9mico con los cirujanos de nuestra Provincia. El formato de la actividad ser\u00e1 a trav\u00e9s [&hellip;]<\/p>\n","protected":false},"author":5,"featured_media":4703,"comment_status":"closed","ping_status":"closed","sticky":false,"template":"","format":"standard","meta":{"_et_pb_use_builder":"off","_et_pb_old_content":"","_et_gb_content_width":"","inline_featured_image":false,"footnotes":""},"categories":[10,12],"tags":[],"class_list":["post-4701","post","type-post","status-publish","format-standard","has-post-thumbnail","hentry","category-principal","category-secunadaria"],"_links":{"self":[{"href":"https:\/\/colmed1.org.ar\/web\/index.php\/wp-json\/wp\/v2\/posts\/4701","targetHints":{"allow":["GET"]}}],"collection":[{"href":"https:\/\/colmed1.org.ar\/web\/index.php\/wp-json\/wp\/v2\/posts"}],"about":[{"href":"https:\/\/colmed1.org.ar\/web\/index.php\/wp-json\/wp\/v2\/types\/post"}],"author":[{"embeddable":true,"href":"https:\/\/colmed1.org.ar\/web\/index.php\/wp-json\/wp\/v2\/users\/5"}],"replies":[{"embeddable":true,"href":"https:\/\/colmed1.org.ar\/web\/index.php\/wp-json\/wp\/v2\/comments?post=4701"}],"version-history":[{"count":1,"href":"https:\/\/colmed1.org.ar\/web\/index.php\/wp-json\/wp\/v2\/posts\/4701\/revisions"}],"predecessor-version":[{"id":4704,"href":"https:\/\/colmed1.org.ar\/web\/index.php\/wp-json\/wp\/v2\/posts\/4701\/revisions\/4704"}],"wp:featuredmedia":[{"embeddable":true,"href":"https:\/\/colmed1.org.ar\/web\/index.php\/wp-json\/wp\/v2\/media\/4703"}],"wp:attachment":[{"href":"https:\/\/colmed1.org.ar\/web\/index.php\/wp-json\/wp\/v2\/media?parent=4701"}],"wp:term":[{"taxonomy":"category","embeddable":true,"href":"https:\/\/colmed1.org.ar\/web\/index.php\/wp-json\/wp\/v2\/categories?post=4701"},{"taxonomy":"post_tag","embeddable":true,"href":"https:\/\/colmed1.org.ar\/web\/index.php\/wp-json\/wp\/v2\/tags?post=4701"}],"curies":[{"name":"wp","href":"https:\/\/api.w.org\/{rel}","templated":true}]}}