{"id":4724,"date":"2025-12-02T20:39:43","date_gmt":"2025-12-02T23:39:43","guid":{"rendered":"https:\/\/colmed1.org.ar\/web\/?p=4724"},"modified":"2025-12-02T20:39:47","modified_gmt":"2025-12-02T23:39:47","slug":"en-el-dia-del-medico-un-fraternal-saludo-a-quienes-dignifican-el-sistema-sanitario","status":"publish","type":"post","link":"https:\/\/colmed1.org.ar\/web\/index.php\/2025\/12\/02\/en-el-dia-del-medico-un-fraternal-saludo-a-quienes-dignifican-el-sistema-sanitario\/","title":{"rendered":"En el D\u00eda del M\u00e9dico, un fraternal saludo a quienes dignifican el Sistema Sanitario"},"content":{"rendered":"\n<p>En este 3 de diciembre, desde el Distrito I del Colegio de M\u00e9dicos de la Provincia de Buenos Aires queremos expresar nuestro reconocimiento y gratitud a todos los matriculados que, con vocaci\u00f3n y compromiso, sostienen d\u00eda a d\u00eda la calidad de la atenci\u00f3n en un sistema sanitario atravesado por profundas dificultades.<\/p>\n\n\n\n<p>En un contexto de crisis, con vaivenes constantes, malos pagos, condiciones laborales que distan de las ideales, y un pluriempleo que desgasta, ustedes mantienen vivos los pilares esenciales de la medicina: la dedicaci\u00f3n al paciente, la defensa de la salud p\u00fablica y la \u00e9tica en cada acto profesional.<\/p>\n\n\n\n<p>Reafirmamos nuestro apoyo institucional a cada m\u00e9dico cuya labor dignifica y fortalece al Sistema Sanitario, a\u00fan en las adversidades. Su esfuerzo y su entrega cotidiana son la base sobre la cual se sostiene una atenci\u00f3n segura, humana y de calidad.<\/p>\n\n\n\n<p>A todos nuestros matriculados: gracias por su trabajo, su humanidad y su vocaci\u00f3n inquebrantable.<\/p>\n\n\n\n<p>Feliz D\u00eda del M\u00e9dico.<\/p>\n\n\n\n<p><em>Distrito I del Colegio de M\u00e9dicos de la Provincia de Buenos Aires<br>3 de diciembre de 2025<\/em><\/p>\n\n\n\n<figure class=\"wp-block-video\"><video height=\"720\" style=\"aspect-ratio: 1280 \/ 720;\" width=\"1280\" controls src=\"https:\/\/colmed1.org.ar\/web\/wp-content\/uploads\/2025\/12\/WhatsApp-Video-2025-12-02-at-5.00.43-PM.mp4\"><\/video><\/figure>\n","protected":false},"excerpt":{"rendered":"<p>En este 3 de diciembre, desde el Distrito I del Colegio de M\u00e9dicos de la Provincia de Buenos Aires queremos expresar nuestro reconocimiento y gratitud a todos los matriculados que, con vocaci\u00f3n y compromiso, sostienen d\u00eda a d\u00eda la calidad de la atenci\u00f3n en un sistema sanitario atravesado por profundas dificultades. En un contexto de [&hellip;]<\/p>\n","protected":false},"author":5,"featured_media":4726,"comment_status":"closed","ping_status":"closed","sticky":false,"template":"","format":"standard","meta":{"_et_pb_use_builder":"off","_et_pb_old_content":"","_et_gb_content_width":"","inline_featured_image":false,"footnotes":""},"categories":[10,12],"tags":[],"class_list":["post-4724","post","type-post","status-publish","format-standard","has-post-thumbnail","hentry","category-principal","category-secunadaria"],"_links":{"self":[{"href":"https:\/\/colmed1.org.ar\/web\/index.php\/wp-json\/wp\/v2\/posts\/4724","targetHints":{"allow":["GET"]}}],"collection":[{"href":"https:\/\/colmed1.org.ar\/web\/index.php\/wp-json\/wp\/v2\/posts"}],"about":[{"href":"https:\/\/colmed1.org.ar\/web\/index.php\/wp-json\/wp\/v2\/types\/post"}],"author":[{"embeddable":true,"href":"https:\/\/colmed1.org.ar\/web\/index.php\/wp-json\/wp\/v2\/users\/5"}],"replies":[{"embeddable":true,"href":"https:\/\/colmed1.org.ar\/web\/index.php\/wp-json\/wp\/v2\/comments?post=4724"}],"version-history":[{"count":1,"href":"https:\/\/colmed1.org.ar\/web\/index.php\/wp-json\/wp\/v2\/posts\/4724\/revisions"}],"predecessor-version":[{"id":4727,"href":"https:\/\/colmed1.org.ar\/web\/index.php\/wp-json\/wp\/v2\/posts\/4724\/revisions\/4727"}],"wp:featuredmedia":[{"embeddable":true,"href":"https:\/\/colmed1.org.ar\/web\/index.php\/wp-json\/wp\/v2\/media\/4726"}],"wp:attachment":[{"href":"https:\/\/colmed1.org.ar\/web\/index.php\/wp-json\/wp\/v2\/media?parent=4724"}],"wp:term":[{"taxonomy":"category","embeddable":true,"href":"https:\/\/colmed1.org.ar\/web\/index.php\/wp-json\/wp\/v2\/categories?post=4724"},{"taxonomy":"post_tag","embeddable":true,"href":"https:\/\/colmed1.org.ar\/web\/index.php\/wp-json\/wp\/v2\/tags?post=4724"}],"curies":[{"name":"wp","href":"https:\/\/api.w.org\/{rel}","templated":true}]}}