{"id":4729,"date":"2025-12-04T11:54:35","date_gmt":"2025-12-04T14:54:35","guid":{"rendered":"https:\/\/colmed1.org.ar\/web\/?p=4729"},"modified":"2025-12-04T11:55:33","modified_gmt":"2025-12-04T14:55:33","slug":"reconocimiento-para-los-medicos-que-cumplieron-25-y-50-anos-de-egresados","status":"publish","type":"post","link":"https:\/\/colmed1.org.ar\/web\/index.php\/2025\/12\/04\/reconocimiento-para-los-medicos-que-cumplieron-25-y-50-anos-de-egresados\/","title":{"rendered":"Reconocimiento para los m\u00e9dicos que cumplieron 25 y 50 a\u00f1os de egresados"},"content":{"rendered":"\n<p>En un acto organizado por el Colegio de M\u00e9dicos de la Provincia de Buenos Aires, &nbsp;Distrito I, que reuni\u00f3 a autoridades locales y del sector de la salud, fueron homenajeados los profesionales que cumplieron 25 y 50 a\u00f1os de egreso de la facultad de Ciencias M\u00e9dicas.<\/p>\n\n\n\n<p>El Presidente del Colegio de M\u00e9dicos Distrito 1, Dr. Jorge Mazzone, acompa\u00f1ado por el Secretario General, Dr. Julio Moreno y el Tesorero, Hugo Ghiani, junto al intendente de La Plata, Julio Alak, encabezaron el acto por el D\u00eda del M\u00e9dico, en el Sal\u00f3n Dorado del Palacio Municipal.<\/p>\n\n\n\n<p>Durante el evento, autoridades del Colegio de M\u00e9dicos Distrito I, de la Municipalidad de La Plata y la Agremiaci\u00f3n M\u00e9dica Platense entregaron medallas y diplomas a los m\u00e9dicos que cumplieron 25 y 50 a\u00f1os de egresados. Adem\u00e1s, se realiz\u00f3 la renovaci\u00f3n del Juramento Hipocr\u00e1tico para los profesionales con 25 a\u00f1os en el ejercicio de la profesi\u00f3n.<\/p>\n\n\n\n<p>Cabe destacar que cada 3 de diciembre se celebra el D\u00eda del M\u00e9dico en Argentina y en el resto de Latinoam\u00e9rica en conmemoraci\u00f3n del natalicio del doctor Carlos Juan Finlay Barr\u00e9s, m\u00e9dico cubano que a fines del siglo XIX y tras a\u00f1os de investigaci\u00f3n afirm\u00f3 que el causante de la fiebre amarilla era el Aedes aegypti.<\/p>\n\n\n\n<figure class=\"wp-block-image size-large\"><img loading=\"lazy\" decoding=\"async\" width=\"1024\" height=\"683\" src=\"https:\/\/colmed1.org.ar\/web\/wp-content\/uploads\/2025\/12\/medicos3-1024x683.jpg\" alt=\"\" class=\"wp-image-4730\" srcset=\"https:\/\/colmed1.org.ar\/web\/wp-content\/uploads\/2025\/12\/medicos3-980x653.jpg 980w, https:\/\/colmed1.org.ar\/web\/wp-content\/uploads\/2025\/12\/medicos3-480x320.jpg 480w\" sizes=\"(min-width: 0px) and (max-width: 480px) 480px, (min-width: 481px) and (max-width: 980px) 980px, (min-width: 981px) 1024px, 100vw\" \/><\/figure>\n\n\n\n<div class=\"wp-block-file\"><a id=\"wp-block-file--media-30869382-caee-4726-a9f3-9ae17e382a90\" href=\"https:\/\/colmed1.org.ar\/web\/wp-content\/uploads\/2025\/12\/LISTADO-25-50-anos-FINAL-ACTO-1.xlsx\">LISTADO 25 &#8211; 50 a\u00f1os &#8211; FINAL -ACTO (1)<\/a><a href=\"https:\/\/colmed1.org.ar\/web\/wp-content\/uploads\/2025\/12\/LISTADO-25-50-anos-FINAL-ACTO-1.xlsx\" class=\"wp-block-file__button wp-element-button\" download aria-describedby=\"wp-block-file--media-30869382-caee-4726-a9f3-9ae17e382a90\">Descarga<\/a><\/div>\n","protected":false},"excerpt":{"rendered":"<p>En un acto organizado por el Colegio de M\u00e9dicos de la Provincia de Buenos Aires, &nbsp;Distrito I, que reuni\u00f3 a autoridades locales y del sector de la salud, fueron homenajeados los profesionales que cumplieron 25 y 50 a\u00f1os de egreso de la facultad de Ciencias M\u00e9dicas. El Presidente del Colegio de M\u00e9dicos Distrito 1, Dr. [&hellip;]<\/p>\n","protected":false},"author":5,"featured_media":0,"comment_status":"closed","ping_status":"closed","sticky":false,"template":"","format":"standard","meta":{"_et_pb_use_builder":"off","_et_pb_old_content":"","_et_gb_content_width":"","inline_featured_image":false,"footnotes":""},"categories":[10],"tags":[],"class_list":["post-4729","post","type-post","status-publish","format-standard","hentry","category-principal"],"_links":{"self":[{"href":"https:\/\/colmed1.org.ar\/web\/index.php\/wp-json\/wp\/v2\/posts\/4729","targetHints":{"allow":["GET"]}}],"collection":[{"href":"https:\/\/colmed1.org.ar\/web\/index.php\/wp-json\/wp\/v2\/posts"}],"about":[{"href":"https:\/\/colmed1.org.ar\/web\/index.php\/wp-json\/wp\/v2\/types\/post"}],"author":[{"embeddable":true,"href":"https:\/\/colmed1.org.ar\/web\/index.php\/wp-json\/wp\/v2\/users\/5"}],"replies":[{"embeddable":true,"href":"https:\/\/colmed1.org.ar\/web\/index.php\/wp-json\/wp\/v2\/comments?post=4729"}],"version-history":[{"count":1,"href":"https:\/\/colmed1.org.ar\/web\/index.php\/wp-json\/wp\/v2\/posts\/4729\/revisions"}],"predecessor-version":[{"id":4732,"href":"https:\/\/colmed1.org.ar\/web\/index.php\/wp-json\/wp\/v2\/posts\/4729\/revisions\/4732"}],"wp:attachment":[{"href":"https:\/\/colmed1.org.ar\/web\/index.php\/wp-json\/wp\/v2\/media?parent=4729"}],"wp:term":[{"taxonomy":"category","embeddable":true,"href":"https:\/\/colmed1.org.ar\/web\/index.php\/wp-json\/wp\/v2\/categories?post=4729"},{"taxonomy":"post_tag","embeddable":true,"href":"https:\/\/colmed1.org.ar\/web\/index.php\/wp-json\/wp\/v2\/tags?post=4729"}],"curies":[{"name":"wp","href":"https:\/\/api.w.org\/{rel}","templated":true}]}}