{"id":4762,"date":"2026-01-13T13:35:08","date_gmt":"2026-01-13T16:35:08","guid":{"rendered":"https:\/\/colmed1.org.ar\/web\/?p=4762"},"modified":"2026-01-13T13:35:16","modified_gmt":"2026-01-13T16:35:16","slug":"comunicado-oficial-del-colegio-de-medicos-distrito-i-repudio-publico","status":"publish","type":"post","link":"https:\/\/colmed1.org.ar\/web\/index.php\/2026\/01\/13\/comunicado-oficial-del-colegio-de-medicos-distrito-i-repudio-publico\/","title":{"rendered":"COMUNICADO OFICIAL DEL COLEGIO DE M\u00c9DICOS DISTRITO I \u2014 REPUDIO P\u00daBLICO"},"content":{"rendered":"\n<p>El Colegio de M\u00e9dicos Distrito I expresa su m\u00e1s en\u00e9rgico repudio ante las grav\u00edsimas manifestaciones antisemitas y de violencia expl\u00edcita atribuidas a un profesional m\u00e9dico residente del Hospital General Jos\u00e9 de San Mart\u00edn de La Plata, difundidas recientemente en redes sociales y que se encuentran objeto de denuncia judicial y de las acciones administrativas correspondientes.<\/p>\n\n\n\n<p>Los dichos que se hicieron p\u00fablicos, que incluyen incitaciones directas a la violencia contra integrantes de la comunidad jud\u00eda y violaciones claras de los m\u00e1s elementales principios de \u00e9tica profesional, respeto por la vida humana y convivencia democr\u00e1tica, son incompatibles con los valores que rigen la pr\u00e1ctica m\u00e9dica y la deontolog\u00eda de nuestro ejercicio profesional.<\/p>\n\n\n\n<p>El Colegio de M\u00e9dicos reafirma su compromiso con la protecci\u00f3n de los derechos humanos, la diversidad religiosa y cultural, y declara que cualquier forma de discriminaci\u00f3n, racismo o incitaci\u00f3n a la violencia debe ser repudiada y sancionada con todos los instrumentos legales y \u00e9ticos disponibles.<\/p>\n\n\n\n<p>Adem\u00e1s, instamos a las autoridades sanitarias y judiciales a que act\u00faen con la m\u00e1xima celeridad en la investigaci\u00f3n del caso, a fin de garantizar que se adopten medidas proporcionales y ejemplares, que preserven la integridad de la profesi\u00f3n m\u00e9dica, la confianza de la comunidad en el sistema de salud y la protecci\u00f3n de todas las personas, sin distinci\u00f3n de su origen, credo o identidad.<\/p>\n\n\n\n<p>Desde nuestra instituci\u00f3n reiteramos, que la medicina es una profesi\u00f3n al servicio de la dignidad humana y el bienestar de la sociedad, y que ning\u00fan profesional que promueva el odio o la violencia puede representar ni ejercer leg\u00edtimamente esta noble tarea.<\/p>\n\n\n\n<p>Por todo lo mencionado, el Colegio de M\u00e9dicos Distrito I, iniciar\u00e1 las actuaciones pertinentes ante la Comisi\u00f3n de \u00c9tica del distrito.<\/p>\n","protected":false},"excerpt":{"rendered":"<p>El Colegio de M\u00e9dicos Distrito I expresa su m\u00e1s en\u00e9rgico repudio ante las grav\u00edsimas manifestaciones antisemitas y de violencia expl\u00edcita atribuidas a un profesional m\u00e9dico residente del Hospital General Jos\u00e9 de San Mart\u00edn de La Plata, difundidas recientemente en redes sociales y que se encuentran objeto de denuncia judicial y de las acciones administrativas correspondientes. [&hellip;]<\/p>\n","protected":false},"author":5,"featured_media":0,"comment_status":"closed","ping_status":"closed","sticky":false,"template":"","format":"standard","meta":{"_et_pb_use_builder":"off","_et_pb_old_content":"","_et_gb_content_width":"","inline_featured_image":false,"footnotes":""},"categories":[14,10],"tags":[],"class_list":["post-4762","post","type-post","status-publish","format-standard","hentry","category-noticias","category-principal"],"_links":{"self":[{"href":"https:\/\/colmed1.org.ar\/web\/index.php\/wp-json\/wp\/v2\/posts\/4762","targetHints":{"allow":["GET"]}}],"collection":[{"href":"https:\/\/colmed1.org.ar\/web\/index.php\/wp-json\/wp\/v2\/posts"}],"about":[{"href":"https:\/\/colmed1.org.ar\/web\/index.php\/wp-json\/wp\/v2\/types\/post"}],"author":[{"embeddable":true,"href":"https:\/\/colmed1.org.ar\/web\/index.php\/wp-json\/wp\/v2\/users\/5"}],"replies":[{"embeddable":true,"href":"https:\/\/colmed1.org.ar\/web\/index.php\/wp-json\/wp\/v2\/comments?post=4762"}],"version-history":[{"count":1,"href":"https:\/\/colmed1.org.ar\/web\/index.php\/wp-json\/wp\/v2\/posts\/4762\/revisions"}],"predecessor-version":[{"id":4763,"href":"https:\/\/colmed1.org.ar\/web\/index.php\/wp-json\/wp\/v2\/posts\/4762\/revisions\/4763"}],"wp:attachment":[{"href":"https:\/\/colmed1.org.ar\/web\/index.php\/wp-json\/wp\/v2\/media?parent=4762"}],"wp:term":[{"taxonomy":"category","embeddable":true,"href":"https:\/\/colmed1.org.ar\/web\/index.php\/wp-json\/wp\/v2\/categories?post=4762"},{"taxonomy":"post_tag","embeddable":true,"href":"https:\/\/colmed1.org.ar\/web\/index.php\/wp-json\/wp\/v2\/tags?post=4762"}],"curies":[{"name":"wp","href":"https:\/\/api.w.org\/{rel}","templated":true}]}}