{"id":4767,"date":"2026-01-19T09:46:29","date_gmt":"2026-01-19T12:46:29","guid":{"rendered":"https:\/\/colmed1.org.ar\/web\/?p=4767"},"modified":"2026-01-19T09:46:30","modified_gmt":"2026-01-19T12:46:30","slug":"nuevo-llamado-a-seleccion-para-las-residencias-de-clinica-medica-y-cirugia-general-del-hospital-espanol-de-la-plata","status":"publish","type":"post","link":"https:\/\/colmed1.org.ar\/web\/index.php\/2026\/01\/19\/nuevo-llamado-a-seleccion-para-las-residencias-de-clinica-medica-y-cirugia-general-del-hospital-espanol-de-la-plata\/","title":{"rendered":"Nuevo llamado a selecci\u00f3n para las Residencias de Cl\u00ednica M\u00e9dica y Cirug\u00eda General del Hospital Espa\u00f1ol de La Plata"},"content":{"rendered":"\n<figure class=\"wp-block-image size-full\"><img loading=\"lazy\" decoding=\"async\" width=\"784\" height=\"511\" src=\"https:\/\/colmed1.org.ar\/web\/wp-content\/uploads\/2026\/01\/image007.jpg\" alt=\"\" class=\"wp-image-4768\" srcset=\"https:\/\/colmed1.org.ar\/web\/wp-content\/uploads\/2026\/01\/image007.jpg 784w, https:\/\/colmed1.org.ar\/web\/wp-content\/uploads\/2026\/01\/image007-480x313.jpg 480w\" sizes=\"(min-width: 0px) and (max-width: 480px) 480px, (min-width: 481px) 784px, 100vw\" \/><\/figure>\n\n\n\n<figure class=\"wp-block-image size-full\"><img loading=\"lazy\" decoding=\"async\" width=\"791\" height=\"516\" src=\"https:\/\/colmed1.org.ar\/web\/wp-content\/uploads\/2026\/01\/image008.jpg\" alt=\"\" class=\"wp-image-4769\" srcset=\"https:\/\/colmed1.org.ar\/web\/wp-content\/uploads\/2026\/01\/image008.jpg 791w, https:\/\/colmed1.org.ar\/web\/wp-content\/uploads\/2026\/01\/image008-480x313.jpg 480w\" sizes=\"(min-width: 0px) and (max-width: 480px) 480px, (min-width: 481px) 791px, 100vw\" \/><\/figure>\n","protected":false},"excerpt":{"rendered":"","protected":false},"author":5,"featured_media":4768,"comment_status":"closed","ping_status":"closed","sticky":false,"template":"","format":"standard","meta":{"_et_pb_use_builder":"off","_et_pb_old_content":"","_et_gb_content_width":"","inline_featured_image":false,"footnotes":""},"categories":[15,13],"tags":[],"class_list":["post-4767","post","type-post","status-publish","format-standard","has-post-thumbnail","hentry","category-bolsa-de-trabajo","category-terciaria"],"_links":{"self":[{"href":"https:\/\/colmed1.org.ar\/web\/index.php\/wp-json\/wp\/v2\/posts\/4767","targetHints":{"allow":["GET"]}}],"collection":[{"href":"https:\/\/colmed1.org.ar\/web\/index.php\/wp-json\/wp\/v2\/posts"}],"about":[{"href":"https:\/\/colmed1.org.ar\/web\/index.php\/wp-json\/wp\/v2\/types\/post"}],"author":[{"embeddable":true,"href":"https:\/\/colmed1.org.ar\/web\/index.php\/wp-json\/wp\/v2\/users\/5"}],"replies":[{"embeddable":true,"href":"https:\/\/colmed1.org.ar\/web\/index.php\/wp-json\/wp\/v2\/comments?post=4767"}],"version-history":[{"count":1,"href":"https:\/\/colmed1.org.ar\/web\/index.php\/wp-json\/wp\/v2\/posts\/4767\/revisions"}],"predecessor-version":[{"id":4770,"href":"https:\/\/colmed1.org.ar\/web\/index.php\/wp-json\/wp\/v2\/posts\/4767\/revisions\/4770"}],"wp:featuredmedia":[{"embeddable":true,"href":"https:\/\/colmed1.org.ar\/web\/index.php\/wp-json\/wp\/v2\/media\/4768"}],"wp:attachment":[{"href":"https:\/\/colmed1.org.ar\/web\/index.php\/wp-json\/wp\/v2\/media?parent=4767"}],"wp:term":[{"taxonomy":"category","embeddable":true,"href":"https:\/\/colmed1.org.ar\/web\/index.php\/wp-json\/wp\/v2\/categories?post=4767"},{"taxonomy":"post_tag","embeddable":true,"href":"https:\/\/colmed1.org.ar\/web\/index.php\/wp-json\/wp\/v2\/tags?post=4767"}],"curies":[{"name":"wp","href":"https:\/\/api.w.org\/{rel}","templated":true}]}}