{"id":4801,"date":"2026-03-09T15:11:30","date_gmt":"2026-03-09T18:11:30","guid":{"rendered":"https:\/\/colmed1.org.ar\/web\/?p=4801"},"modified":"2026-03-09T15:11:31","modified_gmt":"2026-03-09T18:11:31","slug":"el-hospital-san-vicente-de-paul-de-chascomus-busca-medicos","status":"publish","type":"post","link":"https:\/\/colmed1.org.ar\/web\/index.php\/2026\/03\/09\/el-hospital-san-vicente-de-paul-de-chascomus-busca-medicos\/","title":{"rendered":"El Hospital San Vicente de Paul de Chascom\u00fas busca m\u00e9dicos"},"content":{"rendered":"\n<p>Convocatoria Institucional \u2013 Hospital San Vicente de Paul, Chascom\u00fas<\/p>\n\n\n\n<p>El Hospital San Vicente de Paul abre la b\u00fasqueda de profesionales m\u00e9dicos para fortalecer su equipo en las \u00e1reas de guardias:<\/p>\n\n\n\n<p>\u2022 Terapia Intensiva valor sab y domingo $ 565000<br>\u2022 Pediatr\u00eda lunes de 8 am a martes 8 am valor $ 486102<\/p>\n\n\n\n<p>, invitamos a los interesados a enviar su curr\u00edculum vitae a:<\/p>\n\n\n\n<figure class=\"wp-block-image\"><img decoding=\"async\" src=\"https:\/\/fonts.gstatic.com\/s\/e\/notoemoji\/17.0\/2709_fe0f\/32.png\" alt=\"\u2709\ufe0f\"\/><\/figure>\n\n\n\n<p><a href=\"mailto:direccionhospitalchascomus@gmail.com\" rel=\"noreferrer noopener\" target=\"_blank\">direccionhospitalchascomus@gmail.com<\/a><\/p>\n\n\n\n<p><img decoding=\"async\" alt=\"\ud83d\udcf1\" src=\"https:\/\/fonts.gstatic.com\/s\/e\/notoemoji\/17.0\/1f4f1\/32.png\">&nbsp;WhatsApp:&nbsp;<a>2216697443<\/a><\/p>\n","protected":false},"excerpt":{"rendered":"<p>Convocatoria Institucional \u2013 Hospital San Vicente de Paul, Chascom\u00fas El Hospital San Vicente de Paul abre la b\u00fasqueda de profesionales m\u00e9dicos para fortalecer su equipo en las \u00e1reas de guardias: \u2022 Terapia Intensiva valor sab y domingo $ 565000\u2022 Pediatr\u00eda lunes de 8 am a martes 8 am valor $ 486102 , invitamos a los [&hellip;]<\/p>\n","protected":false},"author":5,"featured_media":4802,"comment_status":"closed","ping_status":"closed","sticky":false,"template":"","format":"standard","meta":{"_et_pb_use_builder":"off","_et_pb_old_content":"","_et_gb_content_width":"","inline_featured_image":false,"footnotes":""},"categories":[15],"tags":[],"class_list":["post-4801","post","type-post","status-publish","format-standard","has-post-thumbnail","hentry","category-bolsa-de-trabajo"],"_links":{"self":[{"href":"https:\/\/colmed1.org.ar\/web\/index.php\/wp-json\/wp\/v2\/posts\/4801","targetHints":{"allow":["GET"]}}],"collection":[{"href":"https:\/\/colmed1.org.ar\/web\/index.php\/wp-json\/wp\/v2\/posts"}],"about":[{"href":"https:\/\/colmed1.org.ar\/web\/index.php\/wp-json\/wp\/v2\/types\/post"}],"author":[{"embeddable":true,"href":"https:\/\/colmed1.org.ar\/web\/index.php\/wp-json\/wp\/v2\/users\/5"}],"replies":[{"embeddable":true,"href":"https:\/\/colmed1.org.ar\/web\/index.php\/wp-json\/wp\/v2\/comments?post=4801"}],"version-history":[{"count":1,"href":"https:\/\/colmed1.org.ar\/web\/index.php\/wp-json\/wp\/v2\/posts\/4801\/revisions"}],"predecessor-version":[{"id":4803,"href":"https:\/\/colmed1.org.ar\/web\/index.php\/wp-json\/wp\/v2\/posts\/4801\/revisions\/4803"}],"wp:featuredmedia":[{"embeddable":true,"href":"https:\/\/colmed1.org.ar\/web\/index.php\/wp-json\/wp\/v2\/media\/4802"}],"wp:attachment":[{"href":"https:\/\/colmed1.org.ar\/web\/index.php\/wp-json\/wp\/v2\/media?parent=4801"}],"wp:term":[{"taxonomy":"category","embeddable":true,"href":"https:\/\/colmed1.org.ar\/web\/index.php\/wp-json\/wp\/v2\/categories?post=4801"},{"taxonomy":"post_tag","embeddable":true,"href":"https:\/\/colmed1.org.ar\/web\/index.php\/wp-json\/wp\/v2\/tags?post=4801"}],"curies":[{"name":"wp","href":"https:\/\/api.w.org\/{rel}","templated":true}]}}