{"id":4806,"date":"2026-03-11T12:48:58","date_gmt":"2026-03-11T15:48:58","guid":{"rendered":"https:\/\/colmed1.org.ar\/web\/?p=4806"},"modified":"2026-03-18T09:18:09","modified_gmt":"2026-03-18T12:18:09","slug":"residencia-oftalmologica-en-clinica-de-ojos-la-plata","status":"publish","type":"post","link":"https:\/\/colmed1.org.ar\/web\/index.php\/2026\/03\/11\/residencia-oftalmologica-en-clinica-de-ojos-la-plata\/","title":{"rendered":"Residencia Oftalmol\u00f3gica en Cl\u00ednica de Ojos La Plata"},"content":{"rendered":"\n<p>El Colegio de M\u00e9dicos de la Provincia de Buenos Aires, Distrito I, informa a sus matriculados que se encuentra abierta la inscripci\u00f3n a la Residencia Oftalmol\u00f3gica en Cl\u00ednica de Ojos La Plata.<\/p>\n\n\n\n<p>El examen de ingreso se realizar\u00e1 el 6 de mayo a las 9hs. Las entrevistas est\u00e1n programadas para el 14 de mayo.<\/p>\n\n\n\n<p>Inicio de la Residencia: 1 de junio a las 8hs<\/p>\n\n\n\n<p>Cupos libres 2.<\/p>\n\n\n\n<p>Interesados  escribir al siguiente mail: <a href=\"mailto:administracion@clinicaojoslaplata.com.ar\" target=\"_blank\" rel=\"noreferrer noopener\">administracion@clinicaojoslaplata.com.ar<\/a><\/p>\n","protected":false},"excerpt":{"rendered":"<p>El Colegio de M\u00e9dicos de la Provincia de Buenos Aires, Distrito I, informa a sus matriculados que se encuentra abierta la inscripci\u00f3n a la Residencia Oftalmol\u00f3gica en Cl\u00ednica de Ojos La Plata. El examen de ingreso se realizar\u00e1 el 6 de mayo a las 9hs. Las entrevistas est\u00e1n programadas para el 14 de mayo. Inicio [&hellip;]<\/p>\n","protected":false},"author":5,"featured_media":0,"comment_status":"closed","ping_status":"closed","sticky":false,"template":"","format":"standard","meta":{"_et_pb_use_builder":"off","_et_pb_old_content":"","_et_gb_content_width":"","inline_featured_image":false,"footnotes":""},"categories":[10],"tags":[],"class_list":["post-4806","post","type-post","status-publish","format-standard","hentry","category-principal"],"_links":{"self":[{"href":"https:\/\/colmed1.org.ar\/web\/index.php\/wp-json\/wp\/v2\/posts\/4806","targetHints":{"allow":["GET"]}}],"collection":[{"href":"https:\/\/colmed1.org.ar\/web\/index.php\/wp-json\/wp\/v2\/posts"}],"about":[{"href":"https:\/\/colmed1.org.ar\/web\/index.php\/wp-json\/wp\/v2\/types\/post"}],"author":[{"embeddable":true,"href":"https:\/\/colmed1.org.ar\/web\/index.php\/wp-json\/wp\/v2\/users\/5"}],"replies":[{"embeddable":true,"href":"https:\/\/colmed1.org.ar\/web\/index.php\/wp-json\/wp\/v2\/comments?post=4806"}],"version-history":[{"count":2,"href":"https:\/\/colmed1.org.ar\/web\/index.php\/wp-json\/wp\/v2\/posts\/4806\/revisions"}],"predecessor-version":[{"id":4817,"href":"https:\/\/colmed1.org.ar\/web\/index.php\/wp-json\/wp\/v2\/posts\/4806\/revisions\/4817"}],"wp:attachment":[{"href":"https:\/\/colmed1.org.ar\/web\/index.php\/wp-json\/wp\/v2\/media?parent=4806"}],"wp:term":[{"taxonomy":"category","embeddable":true,"href":"https:\/\/colmed1.org.ar\/web\/index.php\/wp-json\/wp\/v2\/categories?post=4806"},{"taxonomy":"post_tag","embeddable":true,"href":"https:\/\/colmed1.org.ar\/web\/index.php\/wp-json\/wp\/v2\/tags?post=4806"}],"curies":[{"name":"wp","href":"https:\/\/api.w.org\/{rel}","templated":true}]}}