{"id":5082,"date":"2026-09-03T15:31:57","date_gmt":"2026-09-03T18:31:57","guid":{"rendered":"https:\/\/colmed1.org.ar\/web\/?p=5082"},"modified":"2026-09-03T15:31:59","modified_gmt":"2026-09-03T18:31:59","slug":"para-familias-y-profesionales-se-realizara-la-charla-consumos-problematicos","status":"publish","type":"post","link":"https:\/\/colmed1.org.ar\/web\/index.php\/2026\/09\/03\/para-familias-y-profesionales-se-realizara-la-charla-consumos-problematicos\/","title":{"rendered":"Para familias y profesionales: Se realizar\u00e1 la charla \u00abConsumos Problem\u00e1ticos\u00bb"},"content":{"rendered":"\n<p class=\"wp-block-paragraph\">El Distrito I Colegio de M\u00e9dicos de la Provincia de Buenos Aires invita a participar de la jornada\u00a0<strong>\u201cConsumos problem\u00e1ticos: estrategias para su abordaje\u201d<\/strong>, destinada a familias y profesionales interesados en profundizar herramientas para la comprensi\u00f3n, el acompa\u00f1amiento y la prevenci\u00f3n de estas problem\u00e1ticas.<\/p>\n\n\n\n<p class=\"wp-block-paragraph\">La actividad estar\u00e1 a cargo de&nbsp;<strong>Marion Fonrouge, Lic. en Psicolog\u00eda<\/strong>, y&nbsp;<strong>Dra. Malena Fontan, m\u00e9dica especialista en Psiquiatr\u00eda y Psicolog\u00eda Cl\u00ednica<\/strong>, quienes abordar\u00e1n la tem\u00e1tica desde una perspectiva interdisciplinaria, promoviendo una mirada integral sobre los consumos problem\u00e1ticos y sus implicancias en la salud individual, familiar y social.<\/p>\n\n\n\n<p class=\"wp-block-paragraph\">\ud83d\udcc5&nbsp;<strong>25 de septiembre<\/strong><br>\ud83d\udd56&nbsp;<strong>19:00 hs.<\/strong><br>\ud83d\udccd&nbsp;<strong>Colegio de M\u00e9dicos \u2013 Aula Christmann, 3.er piso<\/strong><\/p>\n\n\n\n<p class=\"wp-block-paragraph\">La jornada constituye un espacio de&nbsp;<strong>capacitaci\u00f3n, reflexi\u00f3n e intercambio<\/strong>, orientado a fortalecer las herramientas necesarias para un abordaje adecuado y oportuno.<\/p>\n\n\n\n<p class=\"wp-block-paragraph\"><strong>Informes e inscripci\u00f3n:<\/strong><br>\ud83d\udce7 psiquiatriadetrasdeescena@gmail.com<\/p>\n\n\n\n<figure class=\"wp-block-image size-large\"><img loading=\"lazy\" decoding=\"async\" width=\"683\" height=\"1024\" src=\"https:\/\/colmed1.org.ar\/web\/wp-content\/uploads\/2026\/09\/unnamed-1-683x1024.jpg\" alt=\"\" class=\"wp-image-5084\"\/><\/figure>\n","protected":false},"excerpt":{"rendered":"<p>El Distrito I Colegio de M\u00e9dicos de la Provincia de Buenos Aires invita a participar de la jornada\u00a0\u201cConsumos problem\u00e1ticos: estrategias para su abordaje\u201d, destinada a familias y profesionales interesados en profundizar herramientas para la comprensi\u00f3n, el acompa\u00f1amiento y la prevenci\u00f3n de estas problem\u00e1ticas. La actividad estar\u00e1 a cargo de&nbsp;Marion Fonrouge, Lic. en Psicolog\u00eda, y&nbsp;Dra. Malena [&hellip;]<\/p>\n","protected":false},"author":5,"featured_media":5083,"comment_status":"closed","ping_status":"closed","sticky":false,"template":"","format":"standard","meta":{"_et_pb_use_builder":"off","_et_pb_old_content":"","_et_gb_content_width":"","inline_featured_image":false,"footnotes":""},"categories":[10,12],"tags":[],"class_list":["post-5082","post","type-post","status-publish","format-standard","has-post-thumbnail","hentry","category-principal","category-secunadaria"],"_links":{"self":[{"href":"https:\/\/colmed1.org.ar\/web\/index.php\/wp-json\/wp\/v2\/posts\/5082","targetHints":{"allow":["GET"]}}],"collection":[{"href":"https:\/\/colmed1.org.ar\/web\/index.php\/wp-json\/wp\/v2\/posts"}],"about":[{"href":"https:\/\/colmed1.org.ar\/web\/index.php\/wp-json\/wp\/v2\/types\/post"}],"author":[{"embeddable":true,"href":"https:\/\/colmed1.org.ar\/web\/index.php\/wp-json\/wp\/v2\/users\/5"}],"replies":[{"embeddable":true,"href":"https:\/\/colmed1.org.ar\/web\/index.php\/wp-json\/wp\/v2\/comments?post=5082"}],"version-history":[{"count":1,"href":"https:\/\/colmed1.org.ar\/web\/index.php\/wp-json\/wp\/v2\/posts\/5082\/revisions"}],"predecessor-version":[{"id":5085,"href":"https:\/\/colmed1.org.ar\/web\/index.php\/wp-json\/wp\/v2\/posts\/5082\/revisions\/5085"}],"wp:featuredmedia":[{"embeddable":true,"href":"https:\/\/colmed1.org.ar\/web\/index.php\/wp-json\/wp\/v2\/media\/5083"}],"wp:attachment":[{"href":"https:\/\/colmed1.org.ar\/web\/index.php\/wp-json\/wp\/v2\/media?parent=5082"}],"wp:term":[{"taxonomy":"category","embeddable":true,"href":"https:\/\/colmed1.org.ar\/web\/index.php\/wp-json\/wp\/v2\/categories?post=5082"},{"taxonomy":"post_tag","embeddable":true,"href":"https:\/\/colmed1.org.ar\/web\/index.php\/wp-json\/wp\/v2\/tags?post=5082"}],"curies":[{"name":"wp","href":"https:\/\/api.w.org\/{rel}","templated":true}]}}